{"id":2153,"date":"2025-02-28T22:21:16","date_gmt":"2025-02-28T21:21:16","guid":{"rendered":"https:\/\/germanyexpats.com\/?p=2153"},"modified":"2025-03-19T22:48:39","modified_gmt":"2025-03-19T21:48:39","slug":"ramadan-in-deutschland","status":"publish","type":"post","link":"https:\/\/germanyexpats.com\/de\/ramadan-in-deutschland\/","title":{"rendered":"Ramadan in Deutschland 2025: Zeitplan ab 1. M\u00e4rz"},"content":{"rendered":"<p>Der Ramadan 2025 in Deutschland beginnt voraussichtlich am 1. M\u00e4rz 2025 (Samstag) und endet am 30. M\u00e4rz 2025 (Sonntag). <span style=\"box-sizing: border-box; margin: 0px; padding: 0px;\">W\u00e4hrend dieser Zeit fasten die Muslime t\u00e4glich vom Morgengrauen (Imsak) bis zum Sonnenuntergang (Iftar).<\/span>.<\/p>\n\n\n\n<h2 class=\"wp-block-heading\">Ramadan in Deutschland Zeitplan f\u00fcr Hamburg<\/h2>\n\n\n\n<p>Nat\u00fcrlich! Nachfolgend finden Sie den Sehri- (Fajr) und Iftar- (Maghrib) Zeitplan f\u00fcr Hamburg w\u00e4hrend des Ramadan 2025, der alle 30 Tage umfasst:<\/p>\n\n\n\n<figure class=\"wp-block-table\"><table class=\"has-fixed-layout\"><thead><tr><th><strong>Tag<\/strong><\/th><th><strong>Datum<\/strong><\/th><th><strong>Fajr (Morgengebet)<\/strong><\/th><th><strong>Iftar (Maghrib)<\/strong><\/th><\/tr><\/thead><tbody><tr><td>1<\/td><td>1. M\u00e4rz 2025<\/td><td>05:10 Uhr<\/td><td>17:59 Uhr<\/td><\/tr><tr><td>2<\/td><td>2. M\u00e4rz 2025<\/td><td>05:08 Uhr<\/td><td>18:01 Uhr<\/td><\/tr><tr><td>3<\/td><td>3. M\u00e4rz 2025<\/td><td>05:06 Uhr<\/td><td>18:03 Uhr<\/td><\/tr><tr><td>4<\/td><td>4. M\u00e4rz 2025<\/td><td>05:03 Uhr<\/td><td>18:05 Uhr<\/td><\/tr><tr><td>5<\/td><td>5. M\u00e4rz 2025<\/td><td>05:01 Uhr<\/td><td>18:07 Uhr<\/td><\/tr><tr><td>6<\/td><td>6. M\u00e4rz 2025<\/td><td>04:58 Uhr<\/td><td>18:09 Uhr<\/td><\/tr><tr><td>7<\/td><td>7. M\u00e4rz 2025<\/td><td>04:56 Uhr<\/td><td>18:10 Uhr<\/td><\/tr><tr><td>8<\/td><td>8. M\u00e4rz 2025<\/td><td>04:53 Uhr<\/td><td>18:12 Uhr<\/td><\/tr><tr><td>9<\/td><td>9. M\u00e4rz 2025<\/td><td>04:51 Uhr<\/td><td>18:14 Uhr<\/td><\/tr><tr><td>10<\/td><td>10. M\u00e4rz 2025<\/td><td>04:48 Uhr<\/td><td>18:16 Uhr<\/td><\/tr><tr><td>11<\/td><td>11. M\u00e4rz 2025<\/td><td>04:46 Uhr<\/td><td>18:18 Uhr<\/td><\/tr><tr><td>12<\/td><td>12. M\u00e4rz 2025<\/td><td>04:43 Uhr<\/td><td>18:19 Uhr<\/td><\/tr><tr><td>13<\/td><td>13. M\u00e4rz 2025<\/td><td>04:41 Uhr<\/td><td>18:21 Uhr<\/td><\/tr><tr><td>14<\/td><td>14. M\u00e4rz 2025<\/td><td>04:38 Uhr<\/td><td>18:23 Uhr<\/td><\/tr><tr><td>15<\/td><td>15. M\u00e4rz 2025<\/td><td>04:35 Uhr<\/td><td>18:25 Uhr<\/td><\/tr><tr><td>16<\/td><td>16. M\u00e4rz 2025<\/td><td>04:33 Uhr<\/td><td>18:27 Uhr<\/td><\/tr><tr><td>17<\/td><td>17. M\u00e4rz 2025<\/td><td>04:30 Uhr<\/td><td>18:29 Uhr<\/td><\/tr><tr><td>18<\/td><td>18. M\u00e4rz 2025<\/td><td>04:27 Uhr<\/td><td>18:31 Uhr<\/td><\/tr><tr><td>19<\/td><td>19. M\u00e4rz 2025<\/td><td>04:24 Uhr<\/td><td>18:32 Uhr<\/td><\/tr><tr><td>20<\/td><td>20. M\u00e4rz 2025<\/td><td>04:22 Uhr<\/td><td>18:34 Uhr<\/td><\/tr><tr><td>21<\/td><td>21. M\u00e4rz 2025<\/td><td>04:19 Uhr<\/td><td>18:36 Uhr<\/td><\/tr><tr><td>22<\/td><td>22. M\u00e4rz 2025<\/td><td>04:16 Uhr<\/td><td>18:38 Uhr<\/td><\/tr><tr><td>23<\/td><td>23. M\u00e4rz 2025<\/td><td>04:13 Uhr<\/td><td>18:40 Uhr<\/td><\/tr><tr><td>24<\/td><td>24. M\u00e4rz 2025<\/td><td>04:10 Uhr<\/td><td>18:42 Uhr<\/td><\/tr><tr><td>25<\/td><td>25. M\u00e4rz 2025<\/td><td>04:07 Uhr<\/td><td>18:43 Uhr<\/td><\/tr><tr><td>26<\/td><td>26. M\u00e4rz 2025<\/td><td>04:04 Uhr<\/td><td>18:45 Uhr<\/td><\/tr><tr><td>27<\/td><td>27. M\u00e4rz 2025<\/td><td>04:01 Uhr<\/td><td>18:47 Uhr<\/td><\/tr><tr><td>28<\/td><td>28. M\u00e4rz 2025<\/td><td>03:58 Uhr<\/td><td>18:49 Uhr<\/td><\/tr><tr><td>29<\/td><td>29. M\u00e4rz 2025<\/td><td>03:55 Uhr<\/td><td>18:51 Uhr<\/td><\/tr><tr><td>30<\/td><td>30. M\u00e4rz 2025<\/td><td>03:52 Uhr<\/td><td>18:53 Uhr<\/td><\/tr><\/tbody><\/table><\/figure>\n\n\n\n<p>Bitte beachten Sie, dass diese Zeiten auf der Grundlage der <strong>Hanafi<\/strong> Denkschule. Es ist ratsam, Ihre \u00f6rtliche Moschee oder Ihr islamisches Zentrum nach genauen Zeitangaben zu fragen. Dar\u00fcber hinaus k\u00f6nnen diese Zeiten aufgrund lokaler Beobachtungen und Berechnungen leicht abweichen.<\/p>\n\n\n\n<h2 class=\"wp-block-heading\">Ramadan-Fahrplan f\u00fcr Berlin<\/h2>\n\n\n\n<p>Nat\u00fcrlich! Nachfolgend finden Sie den Zeitplan f\u00fcr Sehri (Fajr) und Iftar (Maghrib) f\u00fcr Berlin w\u00e4hrend des Ramadan 2025, der alle 30 Tage umfasst:<\/p>\n\n\n\n<figure class=\"wp-block-table\"><table class=\"has-fixed-layout\"><thead><tr><th><strong>Tag<\/strong><\/th><th><strong>Datum<\/strong><\/th><th><strong>Fajr (Morgengebet)<\/strong><\/th><th><strong>Iftar (Maghrib)<\/strong><\/th><\/tr><\/thead><tbody><tr><td>1<\/td><td>1. M\u00e4rz 2025<\/td><td>05:28 Uhr<\/td><td>17:56 Uhr<\/td><\/tr><tr><td>2<\/td><td>2. M\u00e4rz 2025<\/td><td>05:26 Uhr<\/td><td>17:58 Uhr<\/td><\/tr><tr><td>3<\/td><td>3. M\u00e4rz 2025<\/td><td>05:24 Uhr<\/td><td>18:00 Uhr<\/td><\/tr><tr><td>4<\/td><td>4. M\u00e4rz 2025<\/td><td>05:21 Uhr<\/td><td>18:02 Uhr<\/td><\/tr><tr><td>5<\/td><td>5. M\u00e4rz 2025<\/td><td>05:19 Uhr<\/td><td>18:04 Uhr<\/td><\/tr><tr><td>6<\/td><td>6. M\u00e4rz 2025<\/td><td>05:16 Uhr<\/td><td>18:06 Uhr<\/td><\/tr><tr><td>7<\/td><td>7. M\u00e4rz 2025<\/td><td>05:14 Uhr<\/td><td>18:08 Uhr<\/td><\/tr><tr><td>8<\/td><td>8. M\u00e4rz 2025<\/td><td>05:11 Uhr<\/td><td>18:10 Uhr<\/td><\/tr><tr><td>9<\/td><td>9. M\u00e4rz 2025<\/td><td>05:09 Uhr<\/td><td>18:12 Uhr<\/td><\/tr><tr><td>10<\/td><td>10. M\u00e4rz 2025<\/td><td>05:06 Uhr<\/td><td>18:13 Uhr<\/td><\/tr><tr><td>11<\/td><td>11. M\u00e4rz 2025<\/td><td>05:04 Uhr<\/td><td>18:15 Uhr<\/td><\/tr><tr><td>12<\/td><td>12. M\u00e4rz 2025<\/td><td>05:01 Uhr<\/td><td>18:17 Uhr<\/td><\/tr><tr><td>13<\/td><td>13. M\u00e4rz 2025<\/td><td>04:59 Uhr<\/td><td>18:19 Uhr<\/td><\/tr><tr><td>14<\/td><td>14. M\u00e4rz 2025<\/td><td>04:56 Uhr<\/td><td>18:21 Uhr<\/td><\/tr><tr><td>15<\/td><td>15. M\u00e4rz 2025<\/td><td>04:53 Uhr<\/td><td>18:23 Uhr<\/td><\/tr><tr><td>16<\/td><td>16. M\u00e4rz 2025<\/td><td>04:51 Uhr<\/td><td>18:25 Uhr<\/td><\/tr><tr><td>17<\/td><td>17. M\u00e4rz 2025<\/td><td>04:48 Uhr<\/td><td>18:27 Uhr<\/td><\/tr><tr><td>18<\/td><td>18. M\u00e4rz 2025<\/td><td>04:45 Uhr<\/td><td>18:29 Uhr<\/td><\/tr><tr><td>19<\/td><td>19. M\u00e4rz 2025<\/td><td>04:43 Uhr<\/td><td>18:31 Uhr<\/td><\/tr><tr><td>20<\/td><td>20. M\u00e4rz 2025<\/td><td>04:40 Uhr<\/td><td>18:32 Uhr<\/td><\/tr><tr><td>21<\/td><td>21. M\u00e4rz 2025<\/td><td>04:37 Uhr<\/td><td>18:34 Uhr<\/td><\/tr><tr><td>22<\/td><td>22. M\u00e4rz 2025<\/td><td>04:35 Uhr<\/td><td>18:36 Uhr<\/td><\/tr><tr><td>23<\/td><td>23. M\u00e4rz 2025<\/td><td>04:32 Uhr<\/td><td>18:38 Uhr<\/td><\/tr><tr><td>24<\/td><td>24. M\u00e4rz 2025<\/td><td>04:29 Uhr<\/td><td>18:40 Uhr<\/td><\/tr><tr><td>25<\/td><td>25. M\u00e4rz 2025<\/td><td>04:27 Uhr<\/td><td>18:42 Uhr<\/td><\/tr><tr><td>26<\/td><td>26. M\u00e4rz 2025<\/td><td>04:24 Uhr<\/td><td>18:43 Uhr<\/td><\/tr><tr><td>27<\/td><td>27. M\u00e4rz 2025<\/td><td>04:22 Uhr<\/td><td>18:45 Uhr<\/td><\/tr><tr><td>28<\/td><td>28. M\u00e4rz 2025<\/td><td>04:19 Uhr<\/td><td>18:47 Uhr<\/td><\/tr><tr><td>29<\/td><td>29. M\u00e4rz 2025<\/td><td>04:16 Uhr<\/td><td>18:49 Uhr<\/td><\/tr><tr><td>30<\/td><td>30. M\u00e4rz 2025<\/td><td>04:14 Uhr<\/td><td>18:51 Uhr<\/td><\/tr><\/tbody><\/table><\/figure>\n\n\n\n<p>Diese ungef\u00e4hren Zeiten k\u00f6nnen aufgrund lokaler Beobachtungen und Berechnungen leicht abweichen. <\/p>\n\n\n\n<h2 class=\"wp-block-heading\">Ramadan-Fahrplan f\u00fcr M\u00fcnchen<\/h2>\n\n\n\n<p>Nat\u00fcrlich! Nachfolgend finden Sie den Sehri- (Fajr) und Iftar- (Maghrib) Zeitplan f\u00fcr M\u00fcnchen w\u00e4hrend des Ramadan 2025, der alle 30 Tage abdeckt:<\/p>\n\n\n\n<figure class=\"wp-block-table\"><table class=\"has-fixed-layout\"><thead><tr><th><strong>Tag<\/strong><\/th><th><strong>Datum<\/strong><\/th><th><strong>Fajr (Morgengebet)<\/strong><\/th><th><strong>Iftar (Maghrib)<\/strong><\/th><\/tr><\/thead><tbody><tr><td>1<\/td><td>1. M\u00e4rz 2025<\/td><td>05:12 Uhr<\/td><td>17:58 Uhr<\/td><\/tr><tr><td>2<\/td><td>2. M\u00e4rz 2025<\/td><td>05:10 Uhr<\/td><td>17:59 Uhr<\/td><\/tr><tr><td>3<\/td><td>3. M\u00e4rz 2025<\/td><td>05:08 Uhr<\/td><td>18:01 Uhr<\/td><\/tr><tr><td>4<\/td><td>4. M\u00e4rz 2025<\/td><td>05:06 Uhr<\/td><td>18:02 Uhr<\/td><\/tr><tr><td>5<\/td><td>5. M\u00e4rz 2025<\/td><td>05:04 Uhr<\/td><td>18:04 Uhr<\/td><\/tr><tr><td>6<\/td><td>6. M\u00e4rz 2025<\/td><td>05:02 Uhr<\/td><td>18:05 Uhr<\/td><\/tr><tr><td>7<\/td><td>7. M\u00e4rz 2025<\/td><td>05:00 Uhr<\/td><td>18:07 Uhr<\/td><\/tr><tr><td>8<\/td><td>8. M\u00e4rz 2025<\/td><td>04:58 Uhr<\/td><td>18:08 Uhr<\/td><\/tr><tr><td>9<\/td><td>9. M\u00e4rz 2025<\/td><td>04:56 Uhr<\/td><td>18:10 Uhr<\/td><\/tr><tr><td>10<\/td><td>10. M\u00e4rz 2025<\/td><td>04:54 Uhr<\/td><td>18:11 Uhr<\/td><\/tr><tr><td>11<\/td><td>11. M\u00e4rz 2025<\/td><td>04:52 Uhr<\/td><td>18:13 Uhr<\/td><\/tr><tr><td>12<\/td><td>12. M\u00e4rz 2025<\/td><td>04:50 Uhr<\/td><td>18:14 Uhr<\/td><\/tr><tr><td>13<\/td><td>13. M\u00e4rz 2025<\/td><td>04:48 Uhr<\/td><td>18:16 Uhr<\/td><\/tr><tr><td>14<\/td><td>14. M\u00e4rz 2025<\/td><td>04:46 Uhr<\/td><td>18:17 Uhr<\/td><\/tr><tr><td>15<\/td><td>15. M\u00e4rz 2025<\/td><td>04:44 Uhr<\/td><td>18:19 Uhr<\/td><\/tr><tr><td>16<\/td><td>16. M\u00e4rz 2025<\/td><td>04:41 Uhr<\/td><td>18:20 Uhr<\/td><\/tr><tr><td>17<\/td><td>17. M\u00e4rz 2025<\/td><td>04:39 Uhr<\/td><td>18:22 Uhr<\/td><\/tr><tr><td>18<\/td><td>18. M\u00e4rz 2025<\/td><td>04:37 Uhr<\/td><td>18:23 Uhr<\/td><\/tr><tr><td>19<\/td><td>19. M\u00e4rz 2025<\/td><td>04:35 Uhr<\/td><td>18:25 Uhr<\/td><\/tr><tr><td>20<\/td><td>20. M\u00e4rz 2025<\/td><td>04:32 Uhr<\/td><td>18:26 Uhr<\/td><\/tr><tr><td>21<\/td><td>21. M\u00e4rz 2025<\/td><td>04:30 Uhr<\/td><td>18:28 Uhr<\/td><\/tr><tr><td>22<\/td><td>22. M\u00e4rz 2025<\/td><td>04:28 Uhr<\/td><td>18:29 Uhr<\/td><\/tr><tr><td>23<\/td><td>23. M\u00e4rz 2025<\/td><td>04:26 Uhr<\/td><td>18:31 Uhr<\/td><\/tr><tr><td>24<\/td><td>24. M\u00e4rz 2025<\/td><td>04:23 Uhr<\/td><td>18:32 Uhr<\/td><\/tr><tr><td>25<\/td><td>25. M\u00e4rz 2025<\/td><td>04:21 Uhr<\/td><td>18:33 Uhr<\/td><\/tr><tr><td>26<\/td><td>26. M\u00e4rz 2025<\/td><td>04:19 Uhr<\/td><td>18:35 Uhr<\/td><\/tr><tr><td>27<\/td><td>27. M\u00e4rz 2025<\/td><td>04:16 Uhr<\/td><td>18:36 Uhr<\/td><\/tr><tr><td>28<\/td><td>28. M\u00e4rz 2025<\/td><td>04:14 Uhr<\/td><td>18:38 Uhr<\/td><\/tr><tr><td>29<\/td><td>29. M\u00e4rz 2025<\/td><td>04:11 Uhr<\/td><td>18:39 Uhr<\/td><\/tr><tr><td>30<\/td><td>30. M\u00e4rz 2025<\/td><td>04:09 Uhr<\/td><td>18:41 Uhr<\/td><\/tr><\/tbody><\/table><\/figure>\n\n\n\n<p>Dar\u00fcber hinaus \u00e4ndern sich die Zeiten f\u00fcr Sehri und Iftar w\u00e4hrend des Ramadan t\u00e4glich aufgrund der ver\u00e4nderten Sonnenaufgangs- und Sonnenuntergangszeiten.<\/p>\n\n\n\n<h2 class=\"wp-block-heading\">Das Ereignis ereignete sich w\u00e4hrend des Ramadan 2024<\/h2>\n\n\n\n<p>W\u00e4hrend des Ramadan 2024 fanden in Deutschland mehrere bemerkenswerte Veranstaltungen und Initiativen statt, die das Engagement des Landes f\u00fcr <a href=\"https:\/\/www.state.gov\/wp-content\/uploads\/2024\/05\/547499_GERMANY-2023-INTERNATIONAL-RELIGIOUS-FREEDOM-REPORT.pdf\" target=\"_blank\" rel=\"noopener\">kulturelle Inklusivit\u00e4t und interreligi\u00f6se Harmonie<\/a>.<\/p>\n\n\n\n<h3 class=\"wp-block-heading\">Frankfurts Ramadan-Beleuchtung<\/h3>\n\n\n\n<figure class=\"wp-block-image size-full\"><img decoding=\"async\" width=\"1024\" height=\"1024\" src=\"https:\/\/germanyexpats.com\/wp-content\/uploads\/2025\/02\/Frankfurt-Ramadan-Lights-Installation.jpg\" alt=\"Eine lebendige Stra\u00dfe in Frankfurt\" class=\"wp-image-2160\" srcset=\"https:\/\/germanyexpats.com\/wp-content\/uploads\/2025\/02\/Frankfurt-Ramadan-Lights-Installation.jpg 1024w, https:\/\/germanyexpats.com\/wp-content\/uploads\/2025\/02\/Frankfurt-Ramadan-Lights-Installation-300x300.jpg 300w, https:\/\/germanyexpats.com\/wp-content\/uploads\/2025\/02\/Frankfurt-Ramadan-Lights-Installation-150x150.jpg 150w, https:\/\/germanyexpats.com\/wp-content\/uploads\/2025\/02\/Frankfurt-Ramadan-Lights-Installation-768x768.jpg 768w, https:\/\/germanyexpats.com\/wp-content\/uploads\/2025\/02\/Frankfurt-Ramadan-Lights-Installation-12x12.jpg 12w, https:\/\/germanyexpats.com\/wp-content\/uploads\/2025\/02\/Frankfurt-Ramadan-Lights-Installation-420x420.jpg 420w, https:\/\/germanyexpats.com\/wp-content\/uploads\/2025\/02\/Frankfurt-Ramadan-Lights-Installation-696x696.jpg 696w, https:\/\/germanyexpats.com\/wp-content\/uploads\/2025\/02\/Frankfurt-Ramadan-Lights-Installation-96x96.jpg 96w\" sizes=\"(max-width: 1024px) 100vw, 1024px\" \/><\/figure>\n\n\n\n<p>In einem historischen Schritt schm\u00fcckte Frankfurt zur Feier des Ramadan eine zentrale Fu\u00dfg\u00e4ngerzone mit festlichen Lichtern. Diese Initiative, angeblich die erste in Deutschland, umfasste Dekorationen wie Sterne, Laternen und Halbmonde. B\u00fcrgermeisterin Nargess Eskandari-Gruenberg beschrieb sie als \u201ewundersch\u00f6ne Geste\u201c, die das friedliche Zusammenleben aller Einwohner symbolisierte. Das Projekt, das mindestens 75.000 Euro kostete, zielte darauf ab, Einheit und Inklusivit\u00e4t unter der vielf\u00e4ltigen Bev\u00f6lkerung der Stadt zu f\u00f6rdern.&nbsp;<\/p>\n\n\n\n<h3 class=\"wp-block-heading\">Interreligi\u00f6se Gr\u00fc\u00dfe der Evangelischen Kirche<\/h3>\n\n\n\n<figure class=\"wp-block-image size-full\"><img decoding=\"async\" width=\"1024\" height=\"1024\" src=\"https:\/\/germanyexpats.com\/wp-content\/uploads\/2025\/02\/Interfaith-Iftar-Gathering-in-Germany.jpg\" alt=\"Interreligi\u00f6se Gr\u00fc\u00dfe der Evangelischen Kirche\" class=\"wp-image-2162\" srcset=\"https:\/\/germanyexpats.com\/wp-content\/uploads\/2025\/02\/Interfaith-Iftar-Gathering-in-Germany.jpg 1024w, https:\/\/germanyexpats.com\/wp-content\/uploads\/2025\/02\/Interfaith-Iftar-Gathering-in-Germany-300x300.jpg 300w, https:\/\/germanyexpats.com\/wp-content\/uploads\/2025\/02\/Interfaith-Iftar-Gathering-in-Germany-150x150.jpg 150w, https:\/\/germanyexpats.com\/wp-content\/uploads\/2025\/02\/Interfaith-Iftar-Gathering-in-Germany-768x768.jpg 768w, https:\/\/germanyexpats.com\/wp-content\/uploads\/2025\/02\/Interfaith-Iftar-Gathering-in-Germany-12x12.jpg 12w, https:\/\/germanyexpats.com\/wp-content\/uploads\/2025\/02\/Interfaith-Iftar-Gathering-in-Germany-420x420.jpg 420w, https:\/\/germanyexpats.com\/wp-content\/uploads\/2025\/02\/Interfaith-Iftar-Gathering-in-Germany-696x696.jpg 696w, https:\/\/germanyexpats.com\/wp-content\/uploads\/2025\/02\/Interfaith-Iftar-Gathering-in-Germany-96x96.jpg 96w\" sizes=\"(max-width: 1024px) 100vw, 1024px\" \/><\/figure>\n\n\n\n<p>Kirsten Fehrs, Vorsitzende des Rates der Evangelischen <a href=\"https:\/\/germanyexpats.com\/de\/deutschland-kirchensteuer-kirchensteuer\/\" data-wpil-monitor-id=\"396\">Kirche in Deutschland<\/a> (EKD), \u00fcbermittelte den muslimischen Gemeinden herzliche Gr\u00fc\u00dfe zum Ramadan. Sie betonte die Bedeutung des Monats als eine Zeit der Vers\u00f6hnung und des Verst\u00e4ndnisses \u00fcber gesellschaftliche Spaltungen hinweg. Fehrs betonte, dass solche Gesten von unsch\u00e4tzbarem Wert seien, um den gesellschaftlichen Zusammenhalt in Zeiten zunehmender Polarisierung zu f\u00f6rdern. Sie bemerkte auch, dass interreligi\u00f6se Einladungen zu Iftar-Mahlzeiten zu einer entspannteren und harmonischeren gesellschaftlichen Atmosph\u00e4re beitragen.&nbsp;<\/p>\n\n\n\n<h3 class=\"wp-block-heading\">Debatte um Ramadan-Gr\u00fc\u00dfe in Mannheim<\/h3>\n\n\n\n<p>In Mannheim sorgte der Vorschlag der Gr\u00fcnen, \u00fcberall in der Stadt Ramadan-Gr\u00fc\u00dfe auszuh\u00e4ngen, f\u00fcr Diskussionen. Der Integrationsausschuss lehnte die Idee letztlich ab, da Oberb\u00fcrgermeister Christian Specht argumentierte, der Staat m\u00fcsse religi\u00f6se Neutralit\u00e4t wahren. Er meinte, eine aktive Teilnahme an kulturellen Veranstaltungen, wie etwa die Teilnahme an Iftar-Treffen, sei wirksamer zur F\u00f6rderung der Einheit als symbolische Gesten. Bedenken wurden auch \u00fcber m\u00f6gliche finanzielle Auswirkungen und die M\u00f6glichkeit \u00e4hnlicher Anfragen anderer religi\u00f6ser Gruppen ge\u00e4u\u00dfert.&nbsp;<\/p>\n\n\n\n<h3 class=\"wp-block-heading\">Online Ramadan Programme in Hamburg<\/h3>\n\n\n\n<figure class=\"wp-block-image size-full\"><img decoding=\"async\" width=\"1024\" height=\"1024\" src=\"https:\/\/germanyexpats.com\/wp-content\/uploads\/2025\/02\/Online-Ramadan-Event-in-Hamburg.jpg\" alt=\"Online Ramadan Programme in Hamburg\" class=\"wp-image-2161\" srcset=\"https:\/\/germanyexpats.com\/wp-content\/uploads\/2025\/02\/Online-Ramadan-Event-in-Hamburg.jpg 1024w, https:\/\/germanyexpats.com\/wp-content\/uploads\/2025\/02\/Online-Ramadan-Event-in-Hamburg-300x300.jpg 300w, https:\/\/germanyexpats.com\/wp-content\/uploads\/2025\/02\/Online-Ramadan-Event-in-Hamburg-150x150.jpg 150w, https:\/\/germanyexpats.com\/wp-content\/uploads\/2025\/02\/Online-Ramadan-Event-in-Hamburg-768x768.jpg 768w, https:\/\/germanyexpats.com\/wp-content\/uploads\/2025\/02\/Online-Ramadan-Event-in-Hamburg-12x12.jpg 12w, https:\/\/germanyexpats.com\/wp-content\/uploads\/2025\/02\/Online-Ramadan-Event-in-Hamburg-420x420.jpg 420w, https:\/\/germanyexpats.com\/wp-content\/uploads\/2025\/02\/Online-Ramadan-Event-in-Hamburg-696x696.jpg 696w, https:\/\/germanyexpats.com\/wp-content\/uploads\/2025\/02\/Online-Ramadan-Event-in-Hamburg-96x96.jpg 96w\" sizes=\"(max-width: 1024px) 100vw, 1024px\" \/><\/figure>\n\n\n\n<p>Das Islamische Zentrum Hamburg hat sich den aktuellen Herausforderungen angepasst und ein Online-Programm mit dem Titel \u201eRamadan mit Hamburg\u201c organisiert. Ziel dieser Initiative war es, der muslimischen Gemeinschaft w\u00e4hrend des heiligen Monats spirituelle Unterst\u00fctzung und Engagement zu bieten, insbesondere angesichts der Beschr\u00e4nkungen f\u00fcr physische Versammlungen. Das Programm umfasste religi\u00f6se Vortr\u00e4ge und interaktive Sitzungen, die das Gemeinschaftsgef\u00fchl und das spirituelle Wachstum f\u00f6rderten.&nbsp;<\/p>\n\n\n\n<p>Viele Moscheen und islamische Organisationen in St\u00e4dten wie Hamburg, Berlin und Frankfurt organisieren t\u00e4gliche Iftar-Mahlzeiten, Taraweeh-Gebete und Wohlt\u00e4tigkeitsinitiativen.<\/p>\n\n\n\n<p><span style=\"box-sizing: border-box; margin: 0px; padding: 0px;\">Zum ersten Mal in Berlin<\/span>wird am Rathaus in Berlin-Tiergarten eine \u201eGesegneter Ramadan\u201c-Beleuchtung installiert, die Inklusivit\u00e4t und Respekt f\u00fcr verschiedene Kulturen symbolisiert.<\/p>\n\n\n\n<p>Lokale Halal-Restaurants und islamische Zentren bieten oft spezielle Ramadan-Men\u00fcs und gemeinschaftliche Iftars an.<\/p>\n\n\n\n<h2 class=\"wp-block-heading\">Ende des Ramadan: Eid al-Fitr in Deutschland<\/h2>\n\n\n\n<ul class=\"wp-block-list\">\n<li><strong>30. M\u00e4rz 2025 (Sonntag),<\/strong> Markierungen <strong>Das Fest des Fastenbrechens (Eid al-Fitr)<\/strong>, feiert das Ende des Ramadan.<\/li>\n\n\n\n<li>Der Tag ist gepr\u00e4gt von Gebeten in Moscheen, Familientreffen und Spenden f\u00fcr wohlt\u00e4tige Zwecke (Zakat al-Fitr).<\/li>\n<\/ul>\n\n\n\n<h2 class=\"wp-block-heading\">Wichtige Erkenntnisse aus dem Chat:<\/h2>\n\n\n\n<ul class=\"wp-block-list\">\n<li><strong>Ramadan 2025 in Deutschland<\/strong>\n<ul class=\"wp-block-list\">\n<li>Beginnt am <strong>1. M\u00e4rz 2025 (Samstag)<\/strong> und endet am <strong>30. M\u00e4rz 2025 (Sonntag)<\/strong>.<\/li>\n\n\n\n<li>Muslime beobachten <strong>Fasten von Sehri (Fajr) bis Iftar (Maghrib)<\/strong>.<\/li>\n<\/ul>\n<\/li>\n\n\n\n<li><strong>Sehri- und Iftar-Zeiten nach St\u00e4dten f\u00fcr 30 Tage<\/strong>\n<ul class=\"wp-block-list\">\n<li><strong>Hamburg<\/strong>, <strong>Berlin<\/strong>, Und <strong>M\u00fcnchen<\/strong> F\u00fcr alle 30 Tage wurden Tabellen bereitgestellt.<\/li>\n\n\n\n<li>Auch St\u00e4dte wie Frankfurt, D\u00fcsseldorf und Bremen k\u00f6nnen angesteuert werden.<\/li>\n<\/ul>\n<\/li>\n\n\n\n<li><strong>Ramadan 2024 <a href=\"https:\/\/germanyexpats.com\/de\/was-passiert-diesen-februar-in-deutschland\/\" data-wpil-monitor-id=\"397\">Veranstaltungen in Deutschland<\/a><\/strong>\n<ul class=\"wp-block-list\">\n<li><strong>Frankfurt<\/strong>: Erstmals festliche Ramadan-Beleuchtung installiert (75.000\u00a0\u20ac-Projekt).<\/li>\n\n\n\n<li><strong>Gru\u00dfwort der Evangelischen Kirche<\/strong>: Bekundete interreligi\u00f6se Unterst\u00fctzung f\u00fcr den Ramadan.<\/li>\n\n\n\n<li><strong>Mannheimer Debatte<\/strong>: Der Vorschlag f\u00fcr Ramadan-Gr\u00fc\u00dfe wurde abgelehnt, um die religi\u00f6se Neutralit\u00e4t zu wahren.<\/li>\n\n\n\n<li><strong>Hamburg<\/strong>: Gehostet <strong>\u201eRamadan mit Hamburg\u201c<\/strong> Online-Programm f\u00fcr spirituelles Engagement.<\/li>\n<\/ul>\n<\/li>\n<\/ul>","protected":false},"excerpt":{"rendered":"<p>Der Ramadan in Deutschland im Jahr 2025 beginnt voraussichtlich am 1. M\u00e4rz 2025 (Samstag) und endet am 30. M\u00e4rz 2025 (Sonntag). Muslime fasten in dieser Zeit t\u00e4glich von der Morgend\u00e4mmerung (Imsak) bis zum Sonnenuntergang (Iftar). Ramadan-Zeitplan f\u00fcr Hamburg: Hier finden Sie den Fajr- und Iftar-Zeitplan f\u00fcr Hamburg im Ramadan 2025. Er umfasst [\u2026]<\/p>","protected":false},"author":2,"featured_media":2154,"comment_status":"open","ping_status":"open","sticky":false,"template":"","format":"standard","meta":{"footnotes":""},"categories":[31,72,73,8],"tags":[140],"class_list":{"0":"post-2153","1":"post","2":"type-post","3":"status-publish","4":"format-standard","5":"has-post-thumbnail","7":"category-latest-news","8":"category-berlin","9":"category-hamburg","10":"category-living-in-germany","11":"tag-ramadan-in-germany"},"_links":{"self":[{"href":"https:\/\/germanyexpats.com\/de\/wp-json\/wp\/v2\/posts\/2153","targetHints":{"allow":["GET"]}}],"collection":[{"href":"https:\/\/germanyexpats.com\/de\/wp-json\/wp\/v2\/posts"}],"about":[{"href":"https:\/\/germanyexpats.com\/de\/wp-json\/wp\/v2\/types\/post"}],"author":[{"embeddable":true,"href":"https:\/\/germanyexpats.com\/de\/wp-json\/wp\/v2\/users\/2"}],"replies":[{"embeddable":true,"href":"https:\/\/germanyexpats.com\/de\/wp-json\/wp\/v2\/comments?post=2153"}],"version-history":[{"count":8,"href":"https:\/\/germanyexpats.com\/de\/wp-json\/wp\/v2\/posts\/2153\/revisions"}],"predecessor-version":[{"id":4599,"href":"https:\/\/germanyexpats.com\/de\/wp-json\/wp\/v2\/posts\/2153\/revisions\/4599"}],"wp:featuredmedia":[{"embeddable":true,"href":"https:\/\/germanyexpats.com\/de\/wp-json\/wp\/v2\/media\/2154"}],"wp:attachment":[{"href":"https:\/\/germanyexpats.com\/de\/wp-json\/wp\/v2\/media?parent=2153"}],"wp:term":[{"taxonomy":"category","embeddable":true,"href":"https:\/\/germanyexpats.com\/de\/wp-json\/wp\/v2\/categories?post=2153"},{"taxonomy":"post_tag","embeddable":true,"href":"https:\/\/germanyexpats.com\/de\/wp-json\/wp\/v2\/tags?post=2153"}],"curies":[{"name":"wp","href":"https:\/\/api.w.org\/{rel}","templated":true}]}}