{"id":4216,"date":"2025-08-11T22:11:08","date_gmt":"2025-08-11T20:11:08","guid":{"rendered":"https:\/\/germanyexpats.com\/?p=4216"},"modified":"2025-08-11T22:11:09","modified_gmt":"2025-08-11T20:11:09","slug":"informieren-sie-sich-uber-den-deutschen-zugspitze-asylgipfel-2025","status":"publish","type":"post","link":"https:\/\/germanyexpats.com\/de\/informieren-sie-sich-uber-den-deutschen-zugspitze-asylgipfel-2025\/","title":{"rendered":"Was Expats \u00fcber den deutschen Asylgipfel auf der Zugspitze (2025) wissen m\u00fcssen"},"content":{"rendered":"<figure class=\"wp-block-image size-full\"><img decoding=\"async\" width=\"768\" height=\"534\" src=\"https:\/\/germanyexpats.com\/wp-content\/uploads\/2025\/08\/nn.jpg\" alt=\"\" class=\"wp-image-4218\" srcset=\"https:\/\/germanyexpats.com\/wp-content\/uploads\/2025\/08\/nn.jpg 768w, https:\/\/germanyexpats.com\/wp-content\/uploads\/2025\/08\/nn-300x209.jpg 300w, https:\/\/germanyexpats.com\/wp-content\/uploads\/2025\/08\/nn-18x12.jpg 18w, https:\/\/germanyexpats.com\/wp-content\/uploads\/2025\/08\/nn-604x420.jpg 604w, https:\/\/germanyexpats.com\/wp-content\/uploads\/2025\/08\/nn-150x104.jpg 150w, https:\/\/germanyexpats.com\/wp-content\/uploads\/2025\/08\/nn-696x484.jpg 696w\" sizes=\"(max-width: 768px) 100vw, 768px\" \/><\/figure>\n\n\n\n<p>Im Juli 2025 wird Europas <a href=\"https:\/\/www.bmi.bund.de\/SharedDocs\/kurzmeldungen\/EN\/2025\/07\/zugspitz-ergebnis_EN.html\" target=\"_blank\" rel=\"noopener\">Staats- und Regierungschefs versammelten sich am<\/a> Deutschlands h\u00f6chster Berg, die Zugspitze, soll sich einer der dringendsten Herausforderungen der EU stellen: der Migration. Der H\u00f6hepunkt des Gipfels war der Asylgipfel auf der Zugspitze. Vor der dramatischen Alpenkulisse trafen sich die Innenminister der gesamten EU zu einem wichtigen Gipfeltreffen, das von Deutschland ausgerichtet wurde.<\/p>\n\n\n\n<p>Der Rahmen war symbolisch, aber es ging um echtes Geld. <a href=\"https:\/\/www.politico.eu\/article\/germany-europe-immigration-hardline-summit-asylum-rules-eu-law-migration-afd\/\" target=\"_blank\" rel=\"noopener\">Beschl\u00fcsse des Gipfels<\/a> k\u00f6nnte schon bald Einfluss darauf haben, wie Grenzen gesichert werden, wie Asylantr\u00e4ge bearbeitet werden und wie die EU-L\u00e4nder, darunter auch Deutschland, mit Neuank\u00f6mmlingen umgehen.<\/p>\n\n\n\n<p>F\u00fcr Expats, die in Deutschland leben oder einen Umzug planen, k\u00f6nnen diese \u00c4nderungen alles betreffen, von Visasystemen bis hin zur Wahrnehmung der lokalen Gemeinschaften <a href=\"https:\/\/reuters.screenocean.com\/record\/2006892\" target=\"_blank\" rel=\"noopener\">Migration<\/a>Obwohl der Schwerpunkt auf Asylbewerbern lag, k\u00f6nnten die Auswirkungen noch weiter reichen und Auswirkungen auf die Aufenthaltspolitik, die Integrationsbem\u00fchungen und sogar den sozialen Zusammenhalt haben.<\/p>\n\n\n\n<p>Was genau ist also auf dem Berg passiert? Und was bedeutet das f\u00fcr die internationale Gemeinschaft, die in <a href=\"https:\/\/germanyexpats.com\/de\/bundeslander-deutschlands-16-unglaubliche-regionen\/\" data-wpil-monitor-id=\"946\">Deutschland heute<\/a>?<\/p>\n\n\n\n<iframe loading=\"lazy\" width=\"1221\" height=\"687\" src=\"https:\/\/www.youtube.com\/embed\/A87NZCarVw0\" title=\"Deutschland empf\u00e4ngt EU-Innenminister auf der Zugspitze, um strengere Migrationsma\u00dfnahmen durchzusetzen | APT\" frameborder=\"0\" allow=\"accelerometer; autoplay; clipboard-write; encrypted-media; gyroscope; picture-in-picture; web-share\" referrerpolicy=\"strict-origin-when-cross-origin\" allowfullscreen><\/iframe>\n\n\n\n<h2 class=\"wp-block-heading\">Zusammenfassung der Ergebnisse der Zugspitze<\/h2>\n\n\n\n<p>Auf dem Asylgipfel auf der Zugspitze einigten sich die EU-Staats- und Regierungschefs auf mehrere wichtige \u00c4nderungen im Umgang der Union mit Asyl und Migration. Die Ma\u00dfnahmen markieren einen deutlichen Strategiewechsel und konzentrieren sich auf Geschwindigkeit, Kontrolle und externe Bearbeitung.<\/p>\n\n\n\n<p>Folgendes wurde beschlossen:<\/p>\n\n\n\n<ul class=\"wp-block-list\">\n<li><strong>Schnellere Abschiebungen<\/strong>: Asylantr\u00e4ge von Menschen aus \u201esicheren L\u00e4ndern\u201c werden in nur zwei Wochen bearbeitet. Menschen aus Hochrisikol\u00e4ndern wie <a href=\"https:\/\/www.france24.com\/en\/europe\/20250718-germany-and-eu-allies-back-tougher-asylum-measures-including-deportations-to-afghanistan-and-syria\" target=\"_blank\" rel=\"noopener\">Afghanistan und Syrien<\/a> Auch k\u00f6nnten trotz anhaltender Sicherheitsbedenken k\u00fcrzere Abschiebungsfristen gelten.<\/li>\n\n\n\n<li><strong>Externe R\u00fcckf\u00fchrungszentren<\/strong>: Die EU wird k\u00fcnftig mit Drittl\u00e4ndern zusammenarbeiten, um Offshore-Einrichtungen einzurichten, in denen Asylantr\u00e4ge gestellt und gepr\u00fcft werden k\u00f6nnen, bevor die Betroffenen Europa erreichen. Das bedeutet, dass manche Migranten w\u00e4hrend ihres Asylverfahrens m\u00f6glicherweise nie einen Fu\u00df in die EU setzen.<\/li>\n\n\n\n<li><strong>St\u00e4rkere Grenzsicherung<\/strong>: Grenzschutzagenturen wie Frontex erhalten mehr Geld und Personal. An wichtigen Einreisepunkten wird die \u00dcberwachungstechnologie, darunter Drohnen und intelligente Z\u00e4une, ausgebaut.<\/li>\n<\/ul>\n\n\n\n<p>Diese \u00c4nderungen zielen darauf ab, die Zahl irregul\u00e4rer Einreisen zu verringern und die Entscheidungen zu beschleunigen. Sie werfen jedoch auch Fragen hinsichtlich Fairness, Menschenrechten und der <a href=\"https:\/\/germanyexpats.com\/de\/einwanderer-vs-expats-auf-deutsch\/\" data-wpil-monitor-id=\"953\">Auswirkungen auf die EU-Gesellschaft<\/a>, einschlie\u00dflich seiner internationalen Einwohner.<\/p>\n\n\n\n<h2 class=\"wp-block-heading\">Auswirkungen auf Expats<\/h2>\n\n\n\n<p>W\u00e4hrend der Schwerpunkt des Gipfels auf Asylbewerbern lag, k\u00f6nnte der politische Wandel auch Auswirkungen auf das Leben von <a href=\"https:\/\/germanyexpats.com\/de\/feiertage-im-saarland\/\" data-wpil-monitor-id=\"942\">Expats<\/a> Sie leben bereits in Deutschland oder planen, dorthin zu ziehen.<\/p>\n\n\n\n<p>So geht&#039;s:<\/p>\n\n\n\n<ul class=\"wp-block-list\">\n<li><strong><a href=\"https:\/\/germanyexpats.com\/de\/leitfaden-fur-deutschland-touristenvisum-schengen-visum\/\" data-wpil-monitor-id=\"949\">Visumantr\u00e4ge<\/a> und Erneuerungen<\/strong><br>Da die Einwanderungsbeh\u00f6rden unter Druck geraten, schneller und strenger zu handeln, m\u00fcssen Expats m\u00f6glicherweise mit l\u00e4ngeren Wartezeiten oder strengeren Kontrollen rechnen, wenn sie einen Visumantrag stellen oder verl\u00e4ngern. <a href=\"https:\/\/germanyexpats.com\/de\/verstandnis-des-arbeitsvisums-fur-deutschland-und-der-blauen-karte-der-eu\/\" data-wpil-monitor-id=\"950\">Aufenthaltstitel<\/a>Strengere Hintergrundpr\u00fcfungen oder ver\u00e4nderte Priorit\u00e4ten k\u00f6nnten einstmals routinem\u00e4\u00dfige Prozesse verlangsamen.<\/li>\n\n\n\n<li><strong><a href=\"https:\/\/germanyexpats.com\/de\/visum-zur-familienzusammenfuhrung-vollstandiger-leitfaden-fur-deutschland\/\" data-wpil-monitor-id=\"951\">Familienzusammenf\u00fchrung<\/a><\/strong><br>Strengere Einwanderungsbestimmungen k\u00f6nnten sich auch auf die Familienzusammenf\u00fchrung auswirken. Die Nachfolge eines Ehepartners, Kindes oder Elternteils nach Deutschland kann mit mehr Papierkram, l\u00e4ngeren Fristen oder sogar <a href=\"https:\/\/germanyexpats.com\/de\/deutschland-touristenvisum-ablehnung-eine-echte-fallstudie\/\" data-wpil-monitor-id=\"954\">Ablehnung in F\u00e4llen<\/a> wird im Rahmen der sich entwickelnden Politik als \u201enicht dringend\u201c erachtet.<\/li>\n\n\n\n<li><strong>\u00d6ffentliche Wahrnehmung und Integration<\/strong><br>Ein h\u00e4rterer politischer Ton kann die \u00f6ffentliche Meinung beeinflussen. Expats bemerken m\u00f6glicherweise zunehmende soziale Spannungen oder subtile Ver\u00e4nderungen in der Wahrnehmung von Ausl\u00e4ndern, insbesondere am Arbeitsplatz, auf dem Wohnungsmarkt oder in der Schule. W\u00e4hrend viele Gemeinden weiterhin gastfreundlich sind, kann eine verst\u00e4rkte Debatte \u00fcber Migration ein weniger vorhersehbares Umfeld schaffen.<\/li>\n<\/ul>\n\n\n\n<p>Diese \u00c4nderungen bedeuten nicht, dass Expats nicht willkommen sind, aber sie legen nahe, dass <a href=\"https:\/\/germanyexpats.com\/de\/deutsches-gesundheitssystem-erklart\/\" data-wpil-monitor-id=\"943\">navigieren Deutsch<\/a> B\u00fcrokratie, Sozialsysteme und die \u00f6ffentliche Meinung k\u00f6nnen komplexer werden. Informiert zu sein ist der erste Schritt, um vorbereitet zu sein.<\/p>\n\n\n\n<h2 class=\"wp-block-heading\">Kontextueller Hintergrund<\/h2>\n\n\n\n<p>Um zu verstehen, <a href=\"https:\/\/trt.global\/world\/article\/f19ca62fb74c\" target=\"_blank\" rel=\"noopener\">Zugspitze-Entscheidungen<\/a>ist es hilfreich, einen Blick auf die politischen Prozesse hinter den Kulissen zu werfen, sowohl in Deutschland als auch in ganz Europa.<\/p>\n\n\n\n<ul class=\"wp-block-list\">\n<li><strong>Deutschland unter Bundeskanzler Merz<\/strong><br>Seit seinem Amtsantritt Ende 2024 vertritt Bundeskanzler Friedrich Merz eine entschiedenere Haltung in der Migrationspolitik. Seine Regierung verspricht \u201eOrdnung und Kontrolle\u201c und setzt auf schnellere Abschiebungen und eine strengere Grenzpolitik. Der Zugspitzgipfel spiegelt diese Richtung wider \u2013 f\u00fcr manche pragmatisch, f\u00fcr andere umstritten.<\/li>\n\n\n\n<li><strong>Druck der AfD<\/strong><br>Die extreme Rechte <a href=\"https:\/\/germanyexpats.com\/de\/wie-expats-in-deutschland-ihre-kinder-zu-hause-unterrichten-konnen\/\" data-wpil-monitor-id=\"955\">Alternative f\u00fcr Deutschland<\/a> Die AfD verzeichnet vor allem in den ostdeutschen Bundesl\u00e4ndern steigende Zustimmungswerte. Obwohl sie nicht an der Regierung beteiligt ist, hat ihre Rhetorik die etablierten Parteien zu einem h\u00e4rteren Vorgehen in der Migrationspolitik bewegt. Viele Analysten sehen die Zugspitz-Politik als politische Reaktion auf diesen wachsenden Druck.<\/li>\n\n\n\n<li><strong>Ein Wandel in der gesamten EU<\/strong><br>Deutschland ist nicht allein. Auch andere EU-L\u00e4nder, darunter \u00d6sterreich, D\u00e4nemark und Italien, fordern mehr <a href=\"https:\/\/germanyexpats.com\/de\/grenzkontrollen-an-den-grenzubergangen-deutschland-polen\/\" data-wpil-monitor-id=\"947\">Kontrolle an den Grenzen<\/a> und schnellere Abtransporte. Die Idee der Offshore-Verarbeitung, die einst als extrem galt, gewinnt nun im gesamten Block an Bedeutung.<\/li>\n<\/ul>\n\n\n\n<p>Kurz gesagt: Der harte Kurs von Bundeskanzler Merz, der durch den Druck der AfD befeuert wird, steht im Einklang mit den EU-weiten Bem\u00fchungen, die Migrationspolitik zu versch\u00e4rfen. F\u00fcr Expats bedeutet das, nicht nur die Regeln, sondern auch die dahinter stehende Politik zu verstehen.<\/p>\n\n\n\n<figure class=\"wp-block-image size-full\"><img decoding=\"async\" width=\"768\" height=\"535\" src=\"https:\/\/germanyexpats.com\/wp-content\/uploads\/2025\/08\/mmm.jpg\" alt=\"\" class=\"wp-image-4219\" srcset=\"https:\/\/germanyexpats.com\/wp-content\/uploads\/2025\/08\/mmm.jpg 768w, https:\/\/germanyexpats.com\/wp-content\/uploads\/2025\/08\/mmm-300x209.jpg 300w, https:\/\/germanyexpats.com\/wp-content\/uploads\/2025\/08\/mmm-18x12.jpg 18w, https:\/\/germanyexpats.com\/wp-content\/uploads\/2025\/08\/mmm-603x420.jpg 603w, https:\/\/germanyexpats.com\/wp-content\/uploads\/2025\/08\/mmm-150x104.jpg 150w, https:\/\/germanyexpats.com\/wp-content\/uploads\/2025\/08\/mmm-696x485.jpg 696w\" sizes=\"(max-width: 768px) 100vw, 768px\" \/><\/figure>\n\n\n\n<h2 class=\"wp-block-heading\">Migration in Zahlen<\/h2>\n\n\n\n<p>Hier sind die Schl\u00fcsselfiguren, die den Migrationshintergrund deutlicher machen und den Expats nach dem Zugspitzgipfel einen wichtigen Kontext bieten.<\/p>\n\n\n\n<h4 class=\"wp-block-heading\">Asylantr\u00e4ge &amp; Abschiebungen<\/h4>\n\n\n\n<ul class=\"wp-block-list\">\n<li>In <strong>2024<\/strong>Deutschland erhielt etwa <strong>229,750<\/strong> Erstantr\u00e4ge auf Asyl, ein <strong>30% Tropfen<\/strong> ab 2023.<a href=\"https:\/\/asylumineurope.org\/reports\/country\/germany\/overview-main-changes-previous-report-update\/?utm_source=chatgpt.com\" target=\"_blank\" rel=\"noreferrer noopener\">Asyl-Infodatenbank<\/a><a href=\"https:\/\/www.osw.waw.pl\/en\/publikacje\/osw-commentary\/2025-04-30\/germany-a-significant-drop-number-asylum-applications?utm_source=chatgpt.com\" target=\"_blank\" rel=\"noreferrer noopener\">OSW O\u015brodek Studi\u00f3w Wschodnich<\/a><\/li>\n\n\n\n<li>Anfang 2025 kam es zu einem sprunghaften Anstieg der Abschiebungen: <strong>6.151 Ausweisungen<\/strong> erfolgte allein im ersten Quartal, was einen deutlichen Anstieg gegen\u00fcber den Vorjahren darstellt.<a href=\"https:\/\/www.infomigrants.net\/en\/post\/64755\/germany-over-6000-deportations-in-the-first-quarter?utm_source=chatgpt.com\" target=\"_blank\" rel=\"noreferrer noopener\">InfoMigrants<\/a><\/li>\n<\/ul>\n\n\n\n<h4 class=\"wp-block-heading\">Einbruch der Asylzahlen und ein Rekordtief in Sicht<\/h4>\n\n\n\n<ul class=\"wp-block-list\">\n<li>Zwischen Januar und Juli 2025, der ersten Jahresh\u00e4lfte, <strong>Erstantr\u00e4ge auf Asyl halbiert<\/strong>, von ungef\u00e4hr <strong>140,800<\/strong> um einfach <strong>70,000<\/strong>.<a href=\"https:\/\/www.thetimes.co.uk\/article\/germany-hails-drop-in-asylum-claims-citing-tough-merz-policies-fqsvjrv3t?utm_source=chatgpt.com\" target=\"_blank\" rel=\"noreferrer noopener\">Die Zeiten<\/a><\/li>\n\n\n\n<li>Die Regierung erwartet eine <strong>insgesamt rund 100.000 Asylantr\u00e4ge im Jahr 2025<\/strong>, der niedrigste Stand seit \u00fcber einem Jahrzehnt. <a href=\"https:\/\/www.reuters.com\/world\/europe\/german-minister-expects-sharp-fall-asylum-seekers-this-year-2025-05-04\/?utm_source=chatgpt.com\" target=\"_blank\" rel=\"noreferrer noopener\">Reuters<\/a><\/li>\n<\/ul>\n\n\n\n<h3 class=\"wp-block-heading\">Wirtschaftliche Rolle von Migranten<\/h3>\n\n\n\n<ul class=\"wp-block-list\">\n<li>Deutschland, lange Zeit ein beliebtes Einwanderungsland, hat nun <strong>rund 20% seiner Bev\u00f6lkerung als Einwanderer der ersten Generation<\/strong>. <a href=\"https:\/\/en.wikipedia.org\/wiki\/Immigration_to_Germany?utm_source=chatgpt.com\" target=\"_blank\" rel=\"noreferrer noopener\">Wikipedia<\/a><\/li>\n\n\n\n<li>Migranten der ersten Generation liefern eine <strong>positive Netto-Haushaltsauswirkungen<\/strong>, selbst nach Abzug von Steuern und \u00f6ffentlichen Dienstleistungen, was gr\u00f6\u00dftenteils auf eine j\u00fcngere Bev\u00f6lkerung im arbeitsf\u00e4higen Alter zur\u00fcckzuf\u00fchren ist. <a href=\"https:\/\/marginalrevolution.com\/marginalrevolution\/2025\/01\/do-migrants-pay-their-way-a-net-fiscal-analysis-for-germany.html?utm_source=chatgpt.com\" target=\"_blank\" rel=\"noreferrer noopener\">Marginale REVOLUTION<\/a><\/li>\n<\/ul>\n\n\n\n<p><strong>Warum diese Zahlen f\u00fcr Expats wichtig sind:<\/strong><\/p>\n\n\n\n<ul class=\"wp-block-list\">\n<li>Schnellere Abschiebungen und weniger Asylantr\u00e4ge spiegeln einen allgemeinen Trend zu einer strengeren Durchsetzung der Einwanderungsgesetze wider.<\/li>\n\n\n\n<li>Trotz strengerer politischer Ma\u00dfnahmen leisten Migranten weiterhin einen erheblichen Beitrag zur deutschen Wirtschaft und zur Erwerbsbev\u00f6lkerung.<\/li>\n\n\n\n<li>F\u00fcr Expats signalisieren diese Statistiken ein ver\u00e4ndertes politisches Klima und <a href=\"https:\/\/germanyexpats.com\/de\/krankenversicherungsanderungen-in-deutschland-2025\/\" data-wpil-monitor-id=\"952\">weisen auf die Bedeutung hin<\/a> \u00fcber Verwaltungsverschiebungen auf dem Laufenden zu bleiben.<\/li>\n<\/ul>\n\n\n\n<p>Diese Zahlen machen deutlich, dass die Migrationspolitik nicht nur eine theoretische Debatte ist, sondern das soziale Gef\u00fcge Deutschlands in Echtzeit pr\u00e4gt.<\/p>\n\n\n\n<h2 class=\"wp-block-heading\">Praktische Anleitung f\u00fcr Expats<\/h2>\n\n\n\n<p>Der Zugspitzgipfel hat zwar einen neuen Ton in der EU-Migrationspolitik angeschlagen, doch f\u00fcr Expats ist es am besten, informiert und vorbereitet zu bleiben. Hier sind einige einfache, umsetzbare Schritte, um auf dem richtigen Weg zu bleiben:<\/p>\n\n\n\n<h3 class=\"wp-block-heading\">Bleiben Sie auf dem Laufenden<\/h3>\n\n\n\n<p>Behalten Sie die offiziellen Websites im Auge, um mehr \u00fcber <a href=\"https:\/\/germanyexpats.com\/de\/dringendes-visumsverfahren-fur-deutschland-geandert\/\" data-wpil-monitor-id=\"944\">neueste \u00c4nderungen bei der Einwanderung<\/a> und Aufenthaltsbestimmungen:<\/p>\n\n\n\n<ul class=\"wp-block-list\">\n<li><strong>BAMF (Bundesamt f\u00fcr Migration und Fl\u00fcchtlinge)<\/strong>: <a>www.bamf.de<\/a><\/li>\n\n\n\n<li><strong>Migrationsportal der Europ\u00e4ischen Kommission<\/strong>: <a>ec.europa.eu\/migration<\/a><\/li>\n<\/ul>\n\n\n\n<p>Richten Sie Benachrichtigungen ein oder \u00fcberpr\u00fcfen Sie die Daten monatlich, insbesondere wenn Sie einen Umzug planen, ein Visum verl\u00e4ngern oder einen Antrag auf Familienzusammenf\u00fchrung stellen.<\/p>\n\n\n\n<h3 class=\"wp-block-heading\">Organisieren Sie Ihre Dokumente<\/h3>\n\n\n\n<p>Stellen Sie sicher, dass Ihr <strong>Aufenthaltserlaubnis<\/strong>, <strong><a href=\"https:\/\/germanyexpats.com\/de\/deutschland-arbeitssuchenden-visum-aus-indien\/\" data-wpil-monitor-id=\"939\">Arbeitsvisum<\/a><\/strong>, <strong>Krankenversicherung<\/strong>, Und <strong>Mietvertr\u00e4ge<\/strong> g\u00fcltig und zug\u00e4nglich sind.<br>Scannen Sie Kopien und bewahren Sie diese sicher auf, sowohl physisch als auch digital. Verz\u00f6gerungen oder Ablehnungen sind oft auf fehlende Unterlagen zur\u00fcckzuf\u00fchren.<\/p>\n\n\n\n<h3 class=\"wp-block-heading\">Holen Sie sich bei Bedarf Hilfe<\/h3>\n\n\n\n<p>Wenn Sie mit Visaproblemen, Verz\u00f6gerungen oder unerwarteten <a href=\"https:\/\/germanyexpats.com\/de\/grose-anderungen-im-deutschen-staatsburgerschaftsrecht-im-jahr-2025\/\" data-wpil-monitor-id=\"940\">Regel\u00e4nderungen<\/a>:<\/p>\n\n\n\n<ul class=\"wp-block-list\">\n<li><strong>Wenden Sie sich an einen zertifizierten Einwanderungsanwalt<\/strong> zur Orientierung.<\/li>\n\n\n\n<li><strong>Treten Sie lokalen Expat- oder Migranten-Selbsthilfegruppen bei<\/strong>; viele bieten Beratung auf Englisch an und verf\u00fcgen \u00fcber aktuelle Informationen.<\/li>\n\n\n\n<li><strong>Kontaktieren Sie Ihre Botschaft<\/strong> in Deutschland f\u00fcr Unterst\u00fctzung oder Empfehlungen.<\/li>\n<\/ul>\n\n\n\n<h3 class=\"wp-block-heading\">Mit der Community verbinden<\/h3>\n\n\n\n<p>Von lokalen Facebook-Gruppen bis hin zu interkulturellen Treffen: Wenn Sie soziale Kontakte pflegen, k\u00f6nnen Sie Ressourcen teilen, Fragen stellen und sich bei der Bew\u00e4ltigung der B\u00fcrokratie weniger allein f\u00fchlen.<\/p>\n\n\n\n<p><strong>Fazit:<\/strong><br>Behalten Sie die BAMF-Aktualisierungen im Auge, \u00fcberpr\u00fcfen Sie Ihre Dokumente und z\u00f6gern Sie nicht, Hilfe in Anspruch zu nehmen. Proaktiv und informiert zu bleiben ist der beste Weg, um erfolgreich zu sein, unabh\u00e4ngig davon, wie sich die Regeln weiterentwickeln.<\/p>\n\n\n\n<iframe loading=\"lazy\" width=\"1221\" height=\"687\" src=\"https:\/\/www.youtube.com\/embed\/4ZfDCVqC9G8\" title=\"Deutschland dr\u00e4ngt auf hartes Durchgreifen der EU-Asylbeh\u00f6rde | Dobrindt veranstaltet Gipfeltreffen auf der Zugspitze am h\u00f6chsten Gipfel | AC1G\" frameborder=\"0\" allow=\"accelerometer; autoplay; clipboard-write; encrypted-media; gyroscope; picture-in-picture; web-share\" referrerpolicy=\"strict-origin-when-cross-origin\" allowfullscreen><\/iframe>\n\n\n\n<h2 class=\"wp-block-heading\">Abschluss<\/h2>\n\n\n\n<p>Der Zugspitz-Asylgipfel markiert einen Wendepunkt <a href=\"https:\/\/germanyexpats.com\/de\/migrationstrends-in-deutschland-2025-daten\/\" data-wpil-monitor-id=\"941\">Deutschlands Migration<\/a> Ansatz, und obwohl der Schwerpunkt auf Asylbewerbern lag, k\u00f6nnten die Welleneffekte viele Bereiche des Expat-Lebens erreichen.<\/p>\n\n\n\n<p>Die Staats- und Regierungschefs einigten sich darauf, die Abschiebungen zu beschleunigen, R\u00fcckf\u00fchrungszentren au\u00dferhalb der EU einzurichten und <a href=\"https:\/\/germanyexpats.com\/de\/erklarung-zur-grenzverscharfung-in-deutschland-im-mai-2025\/\" data-wpil-monitor-id=\"945\">Grenze verengen<\/a> Diese Ver\u00e4nderungen, die durch politischen Druck und allgemeine Trends in der EU vorangetrieben werden, k\u00f6nnten strengere Visaverfahren, Verz\u00f6gerungen bei der Familienzusammenf\u00fchrung und eine ver\u00e4nderte \u00f6ffentliche Stimmung zur Folge haben.<\/p>\n\n\n\n<p>F\u00fcr Expats ist die Botschaft klar: <strong>Bleiben Sie proaktiv<\/strong>Halten Sie Ihre Dokumente in Ordnung, pr\u00fcfen Sie vertrauensw\u00fcrdige Quellen wie das BAMF auf Aktualisierungen und scheuen Sie sich nicht, bei Bedarf rechtliche oder gesellschaftliche Unterst\u00fctzung in Anspruch zu nehmen.<\/p>\n\n\n\n<p>Deutschland beginnt vielleicht ein neues Kapitel, aber mit dem richtigen Bewusstsein und der richtigen Vorbereitung k\u00f6nnen Expats weiterhin <a href=\"https:\/\/germanyexpats.com\/de\/konnen-integrationskurse-erstattet-werden\/\" data-wpil-monitor-id=\"948\">live<\/a>, arbeiten und gedeihen Sie hier mit Zuversicht.<\/p>\n\n\n\n<figure class=\"wp-block-image size-full\"><img decoding=\"async\" width=\"768\" height=\"576\" src=\"https:\/\/germanyexpats.com\/wp-content\/uploads\/2025\/08\/bbb.jpg\" alt=\"\" class=\"wp-image-4220\" srcset=\"https:\/\/germanyexpats.com\/wp-content\/uploads\/2025\/08\/bbb.jpg 768w, https:\/\/germanyexpats.com\/wp-content\/uploads\/2025\/08\/bbb-300x225.jpg 300w, https:\/\/germanyexpats.com\/wp-content\/uploads\/2025\/08\/bbb-16x12.jpg 16w, https:\/\/germanyexpats.com\/wp-content\/uploads\/2025\/08\/bbb-560x420.jpg 560w, https:\/\/germanyexpats.com\/wp-content\/uploads\/2025\/08\/bbb-80x60.jpg 80w, https:\/\/germanyexpats.com\/wp-content\/uploads\/2025\/08\/bbb-150x113.jpg 150w, https:\/\/germanyexpats.com\/wp-content\/uploads\/2025\/08\/bbb-696x522.jpg 696w\" sizes=\"(max-width: 768px) 100vw, 768px\" \/><\/figure>","protected":false},"excerpt":{"rendered":"<p>Im Juli 2025 trafen sich die europ\u00e4ischen Staats- und Regierungschefs auf Deutschlands h\u00f6chstem Berg, der Zugspitze, um sich einer der dr\u00e4ngendsten Herausforderungen der EU zu stellen: der Migration. Der H\u00f6hepunkt war der Asylgipfel auf der Zugspitze. Vor der dramatischen Alpenkulisse trafen sich die Innenminister der gesamten Union zu einem wichtigen Gipfeltreffen, das von Deutschland ausgerichtet wurde. Der Rahmen war symbolisch, doch was auf dem Spiel stand, war [\u2026]<\/p>","protected":false},"author":6,"featured_media":4226,"comment_status":"open","ping_status":"open","sticky":false,"template":"","format":"standard","meta":{"footnotes":""},"categories":[214,11,206,6],"tags":[],"class_list":{"0":"post-4216","1":"post","2":"type-post","3":"status-publish","4":"format-standard","5":"has-post-thumbnail","7":"category-legal-paperwork","8":"category-expat-resources","9":"category-getting-around","10":"category-visa-and-immigration"},"_links":{"self":[{"href":"https:\/\/germanyexpats.com\/de\/wp-json\/wp\/v2\/posts\/4216","targetHints":{"allow":["GET"]}}],"collection":[{"href":"https:\/\/germanyexpats.com\/de\/wp-json\/wp\/v2\/posts"}],"about":[{"href":"https:\/\/germanyexpats.com\/de\/wp-json\/wp\/v2\/types\/post"}],"author":[{"embeddable":true,"href":"https:\/\/germanyexpats.com\/de\/wp-json\/wp\/v2\/users\/6"}],"replies":[{"embeddable":true,"href":"https:\/\/germanyexpats.com\/de\/wp-json\/wp\/v2\/comments?post=4216"}],"version-history":[{"count":7,"href":"https:\/\/germanyexpats.com\/de\/wp-json\/wp\/v2\/posts\/4216\/revisions"}],"predecessor-version":[{"id":4233,"href":"https:\/\/germanyexpats.com\/de\/wp-json\/wp\/v2\/posts\/4216\/revisions\/4233"}],"wp:featuredmedia":[{"embeddable":true,"href":"https:\/\/germanyexpats.com\/de\/wp-json\/wp\/v2\/media\/4226"}],"wp:attachment":[{"href":"https:\/\/germanyexpats.com\/de\/wp-json\/wp\/v2\/media?parent=4216"}],"wp:term":[{"taxonomy":"category","embeddable":true,"href":"https:\/\/germanyexpats.com\/de\/wp-json\/wp\/v2\/categories?post=4216"},{"taxonomy":"post_tag","embeddable":true,"href":"https:\/\/germanyexpats.com\/de\/wp-json\/wp\/v2\/tags?post=4216"}],"curies":[{"name":"wp","href":"https:\/\/api.w.org\/{rel}","templated":true}]}}