{"id":4508,"date":"2026-01-09T15:13:49","date_gmt":"2026-01-09T14:13:49","guid":{"rendered":"https:\/\/germanyexpats.com\/?p=4508"},"modified":"2026-01-11T09:46:01","modified_gmt":"2026-01-11T08:46:01","slug":"schneesturm-elli-legt-norddeutschland-lahm","status":"publish","type":"post","link":"https:\/\/germanyexpats.com\/de\/schneesturm-elli-legt-norddeutschland-lahm\/","title":{"rendered":"Extremer Schneesturm Elli legt Norddeutschland lahm: Ein umfassender \u00dcberblick"},"content":{"rendered":"<p>Norddeutschland wird von einem der schwersten Winterst\u00fcrme der letzten Jahre heimgesucht, dem sogenannten Schneesturm Elli. Dieses gewaltige Tiefdruckgebiet brachte heftige Schneef\u00e4lle, orkanartige Winde und drastisch sinkende Temperaturen mit sich und f\u00fchrte zu weitreichenden Beeintr\u00e4chtigungen in der gesamten Region.<\/p>\n\n\n\n<p>Aus dem <a href=\"https:\/\/www.dw.com\/en\/germany-news-snow-warnings-for-hamburg-elli-storm-nears\/live-75427138\" target=\"_blank\" rel=\"noopener\">neueste meteorologische Daten<\/a>Anhand von Nachrichtenberichten und Echtzeit-Nutzerberichten untersucht dieser Artikel die Urspr\u00fcnge, Auswirkungen, Statistiken und Zukunftsaussichten des Sturms und bietet so einen umfassenden und informativen Leitfaden f\u00fcr Anwohner und Beobachter gleicherma\u00dfen.<\/p>\n\n\n\n<figure class=\"wp-block-image size-large\"><img decoding=\"async\" width=\"1024\" height=\"768\" src=\"https:\/\/germanyexpats.com\/wp-content\/uploads\/2026\/01\/IMG_2135-1024x768.jpeg\" alt=\"Extremer Schneesturm Elli legt Norddeutschland lahm\" class=\"wp-image-4509\" srcset=\"https:\/\/germanyexpats.com\/wp-content\/uploads\/2026\/01\/IMG_2135-1024x768.jpeg 1024w, https:\/\/germanyexpats.com\/wp-content\/uploads\/2026\/01\/IMG_2135-300x225.jpeg 300w, https:\/\/germanyexpats.com\/wp-content\/uploads\/2026\/01\/IMG_2135-768x576.jpeg 768w, https:\/\/germanyexpats.com\/wp-content\/uploads\/2026\/01\/IMG_2135-1536x1152.jpeg 1536w, https:\/\/germanyexpats.com\/wp-content\/uploads\/2026\/01\/IMG_2135-16x12.jpeg 16w, https:\/\/germanyexpats.com\/wp-content\/uploads\/2026\/01\/IMG_2135-560x420.jpeg 560w, https:\/\/germanyexpats.com\/wp-content\/uploads\/2026\/01\/IMG_2135-80x60.jpeg 80w, https:\/\/germanyexpats.com\/wp-content\/uploads\/2026\/01\/IMG_2135-150x113.jpeg 150w, https:\/\/germanyexpats.com\/wp-content\/uploads\/2026\/01\/IMG_2135-696x522.jpeg 696w, https:\/\/germanyexpats.com\/wp-content\/uploads\/2026\/01\/IMG_2135-1068x801.jpeg 1068w, https:\/\/germanyexpats.com\/wp-content\/uploads\/2026\/01\/IMG_2135.jpeg 1600w\" sizes=\"(max-width: 1024px) 100vw, 1024px\" \/><\/figure>\n\n\n\n<h2 class=\"wp-block-heading\">Schneesturm Ellis Urspr\u00fcnge und Weg<\/h2>\n\n\n\n<p>Der Schneesturm Elli, im weiteren europ\u00e4ischen Kontext auch als Sturm Goretti bekannt, entstand \u00fcber dem Atlantik und verst\u00e4rkte sich auf seinem Weg nach Osten durch das Aufeinandertreffen polarer Luftmassen und w\u00e4rmerer s\u00fcdwestlicher Str\u00f6mungen.<\/p>\n\n\n\t\t<div class=\"web-stories-list alignnone has-archive-link is-view-type-carousel is-style-default is-carousel\" data-id=\"1\">\n\t\t\t<div\n\t\t\tclass=\"web-stories-list__inner-wrapper carousel-1\"\n\t\t\tstyle=\"--ws-story-max-width:185px\"\n\t\t\t>\n\t\t\t\t\t\t<div class=\"web-stories-list__archive-link\">\n\t\t\t<a href=\"https:\/\/germanyexpats.com\/de\/web-geschichten\/\">\n\t\t\t\tAlle Stories ansehen\t\t\t<\/a>\n\t\t<\/div>\n\t\t\t\t\t\t\t<div\n\t\t\t\t\tclass=\"web-stories-list__carousel carousel\"\n\t\t\t\t\tdata-id=\"carousel-1\"\n\t\t\t\t\tdata-prev=\"Zur\u00fcck\"\n\t\t\t\t\tdata-next=\"Weiter\"\n\t\t\t\t\t>\n\t\t\t\t\t\t\t\t\t<div\n\t\t\t\tclass=\"web-stories-list__story\"\n\t\t\t\tdata-wp-interactive=\"web-stories-block\"\n\t\t\t\tdata-wp-context='{\"instanceId\":1}'\t\t\t\tdata-wp-on--click=\"actions.open\"\n\t\t\t\tdata-wp-on-window--popstate=\"actions.onPopstate\"\n\t\t\t\t>\n\t\t\t\t\t\t\t<div class=\"web-stories-list__story-poster\">\n\t\t\t\t<a href=\"https:\/\/germanyexpats.com\/de\/web-geschichten\/sturm-elli-trifft-norddeutschland\/\">\n\t\t\t\t\t<img\n\t\t\t\t\t\tsrc=\"https:\/\/germanyexpats.com\/wp-content\/uploads\/2026\/01\/cropped-IMG_2023-scaled-1.jpeg\"\n\t\t\t\t\t\talt=\"Sturmtief Elli trifft Norddeutschland\"\n\t\t\t\t\t\twidth=\"185\"\n\t\t\t\t\t\theight=\"308\"\n\t\t\t\t\t\t\t\t\t\t\t\t\tsrcset=\"https:\/\/germanyexpats.com\/wp-content\/uploads\/2026\/01\/cropped-IMG_2023-scaled-1.jpeg 640w, https:\/\/germanyexpats.com\/wp-content\/uploads\/2026\/01\/cropped-IMG_2023-scaled-1-225x300.jpeg 225w, https:\/\/germanyexpats.com\/wp-content\/uploads\/2026\/01\/cropped-IMG_2023-scaled-1-9x12.jpeg 9w, https:\/\/germanyexpats.com\/wp-content\/uploads\/2026\/01\/cropped-IMG_2023-scaled-1-315x420.jpeg 315w, https:\/\/germanyexpats.com\/wp-content\/uploads\/2026\/01\/cropped-IMG_2023-scaled-1-150x200.jpeg 150w, https:\/\/germanyexpats.com\/wp-content\/uploads\/2026\/01\/cropped-IMG_2023-scaled-1-300x400.jpeg 300w\"\n\t\t\t\t\t\t\t\t\t\t\t\t\t\t\t\t\t\t\tsizes=\"auto, (max-width: 640px) 100vw, 640px\"\n\t\t\t\t\t\t\t\t\t\t\t\tloading=\"lazy\"\n\t\t\t\t\t\tdecoding=\"async\"\n\t\t\t\t\t>\n\t\t\t\t<\/a>\n\t\t\t<\/div>\n\t\t\t\t\t<div class=\"web-stories-list__story-content-overlay\">\n\t\t\t\t\t\t\t<div class=\"story-content-overlay__title\">\n\t\t\t\t\tSturmtief Elli trifft Norddeutschland\t\t\t\t<\/div>\n\t\t\t\n\t\t\t\n\t\t\t\n\t\t\t\t\t<\/div>\n\t\t\t\t\t<\/div>\n\t\t\t\t\t\t<div\n\t\t\t\tclass=\"web-stories-list__story\"\n\t\t\t\tdata-wp-interactive=\"web-stories-block\"\n\t\t\t\tdata-wp-context='{\"instanceId\":1}'\t\t\t\tdata-wp-on--click=\"actions.open\"\n\t\t\t\tdata-wp-on-window--popstate=\"actions.onPopstate\"\n\t\t\t\t>\n\t\t\t\t\t\t\t<div class=\"web-stories-list__story-poster\">\n\t\t\t\t<a href=\"https:\/\/germanyexpats.com\/de\/web-geschichten\/verkehrszeichen-in-deutschland\/\">\n\t\t\t\t\t<img\n\t\t\t\t\t\tsrc=\"https:\/\/germanyexpats.com\/wp-content\/uploads\/2025\/02\/cropped-Add-a-subheading-1.png\"\n\t\t\t\t\t\talt=\"Wichtige Verkehrszeichen in Deutschland\"\n\t\t\t\t\t\twidth=\"185\"\n\t\t\t\t\t\theight=\"308\"\n\t\t\t\t\t\t\t\t\t\t\t\t\tsrcset=\"https:\/\/germanyexpats.com\/wp-content\/uploads\/2025\/02\/cropped-Add-a-subheading-1.png 640w, https:\/\/germanyexpats.com\/wp-content\/uploads\/2025\/02\/cropped-Add-a-subheading-1-225x300.png 225w, https:\/\/germanyexpats.com\/wp-content\/uploads\/2025\/02\/cropped-Add-a-subheading-1-9x12.png 9w, https:\/\/germanyexpats.com\/wp-content\/uploads\/2025\/02\/cropped-Add-a-subheading-1-315x420.png 315w, https:\/\/germanyexpats.com\/wp-content\/uploads\/2025\/02\/cropped-Add-a-subheading-1-150x200.png 150w, https:\/\/germanyexpats.com\/wp-content\/uploads\/2025\/02\/cropped-Add-a-subheading-1-300x400.png 300w\"\n\t\t\t\t\t\t\t\t\t\t\t\t\t\t\t\t\t\t\tsizes=\"auto, (max-width: 640px) 100vw, 640px\"\n\t\t\t\t\t\t\t\t\t\t\t\tloading=\"lazy\"\n\t\t\t\t\t\tdecoding=\"async\"\n\t\t\t\t\t>\n\t\t\t\t<\/a>\n\t\t\t<\/div>\n\t\t\t\t\t<div class=\"web-stories-list__story-content-overlay\">\n\t\t\t\t\t\t\t<div class=\"story-content-overlay__title\">\n\t\t\t\t\tWichtige Verkehrszeichen in Deutschland\t\t\t\t<\/div>\n\t\t\t\n\t\t\t\n\t\t\t\n\t\t\t\t\t<\/div>\n\t\t\t\t\t<\/div>\n\t\t\t\t\t\t<div\n\t\t\t\tclass=\"web-stories-list__story\"\n\t\t\t\tdata-wp-interactive=\"web-stories-block\"\n\t\t\t\tdata-wp-context='{\"instanceId\":1}'\t\t\t\tdata-wp-on--click=\"actions.open\"\n\t\t\t\tdata-wp-on-window--popstate=\"actions.onPopstate\"\n\t\t\t\t>\n\t\t\t\t\t\t\t<div class=\"web-stories-list__story-poster\">\n\t\t\t\t<a href=\"https:\/\/germanyexpats.com\/de\/web-geschichten\/touristenvisum-fur-deutschland-ihr-ultimativer-leitfaden\/\">\n\t\t\t\t\t<img\n\t\t\t\t\t\tsrc=\"https:\/\/germanyexpats.com\/wp-content\/uploads\/2025\/02\/cropped-germany_tourist_visa_web_story_cover-1.png\"\n\t\t\t\t\t\talt=\"Touristenvisum f\u00fcr Deutschland: Ihr ultimativer Leitfaden!\"\n\t\t\t\t\t\twidth=\"185\"\n\t\t\t\t\t\theight=\"308\"\n\t\t\t\t\t\t\t\t\t\t\t\t\tsrcset=\"https:\/\/germanyexpats.com\/wp-content\/uploads\/2025\/02\/cropped-germany_tourist_visa_web_story_cover-1.png 640w, https:\/\/germanyexpats.com\/wp-content\/uploads\/2025\/02\/cropped-germany_tourist_visa_web_story_cover-1-225x300.png 225w, https:\/\/germanyexpats.com\/wp-content\/uploads\/2025\/02\/cropped-germany_tourist_visa_web_story_cover-1-9x12.png 9w, https:\/\/germanyexpats.com\/wp-content\/uploads\/2025\/02\/cropped-germany_tourist_visa_web_story_cover-1-315x420.png 315w, https:\/\/germanyexpats.com\/wp-content\/uploads\/2025\/02\/cropped-germany_tourist_visa_web_story_cover-1-150x200.png 150w, https:\/\/germanyexpats.com\/wp-content\/uploads\/2025\/02\/cropped-germany_tourist_visa_web_story_cover-1-300x400.png 300w\"\n\t\t\t\t\t\t\t\t\t\t\t\t\t\t\t\t\t\t\tsizes=\"auto, (max-width: 640px) 100vw, 640px\"\n\t\t\t\t\t\t\t\t\t\t\t\tloading=\"lazy\"\n\t\t\t\t\t\tdecoding=\"async\"\n\t\t\t\t\t>\n\t\t\t\t<\/a>\n\t\t\t<\/div>\n\t\t\t\t\t<div class=\"web-stories-list__story-content-overlay\">\n\t\t\t\t\t\t\t<div class=\"story-content-overlay__title\">\n\t\t\t\t\tTouristenvisum f\u00fcr Deutschland: Ihr ultimativer Leitfaden!\t\t\t\t<\/div>\n\t\t\t\n\t\t\t\n\t\t\t\n\t\t\t\t\t<\/div>\n\t\t\t\t\t<\/div>\n\t\t\t\t\t\t<div\n\t\t\t\tclass=\"web-stories-list__story\"\n\t\t\t\tdata-wp-interactive=\"web-stories-block\"\n\t\t\t\tdata-wp-context='{\"instanceId\":1}'\t\t\t\tdata-wp-on--click=\"actions.open\"\n\t\t\t\tdata-wp-on-window--popstate=\"actions.onPopstate\"\n\t\t\t\t>\n\t\t\t\t\t\t\t<div class=\"web-stories-list__story-poster\">\n\t\t\t\t<a href=\"https:\/\/germanyexpats.com\/de\/web-geschichten\/die-deutsche-staatsburgerschaft-durch-einburgerung-erlangen-mochten\/\">\n\t\t\t\t\t<img\n\t\t\t\t\t\tsrc=\"https:\/\/germanyexpats.com\/wp-content\/uploads\/2025\/02\/cropped-German-Citizenship-by-Descent-A-Guide-to-Discovering-Your-Heritage.jpg\"\n\t\t\t\t\t\talt=\"M\u00f6chten Sie die deutsche Staatsb\u00fcrgerschaft durch Einb\u00fcrgerung erhalten?\"\n\t\t\t\t\t\twidth=\"185\"\n\t\t\t\t\t\theight=\"308\"\n\t\t\t\t\t\t\t\t\t\t\t\t\tsrcset=\"https:\/\/germanyexpats.com\/wp-content\/uploads\/2025\/02\/cropped-German-Citizenship-by-Descent-A-Guide-to-Discovering-Your-Heritage.jpg 640w, https:\/\/germanyexpats.com\/wp-content\/uploads\/2025\/02\/cropped-German-Citizenship-by-Descent-A-Guide-to-Discovering-Your-Heritage-225x300.jpg 225w, https:\/\/germanyexpats.com\/wp-content\/uploads\/2025\/02\/cropped-German-Citizenship-by-Descent-A-Guide-to-Discovering-Your-Heritage-9x12.jpg 9w, https:\/\/germanyexpats.com\/wp-content\/uploads\/2025\/02\/cropped-German-Citizenship-by-Descent-A-Guide-to-Discovering-Your-Heritage-315x420.jpg 315w, https:\/\/germanyexpats.com\/wp-content\/uploads\/2025\/02\/cropped-German-Citizenship-by-Descent-A-Guide-to-Discovering-Your-Heritage-150x200.jpg 150w, https:\/\/germanyexpats.com\/wp-content\/uploads\/2025\/02\/cropped-German-Citizenship-by-Descent-A-Guide-to-Discovering-Your-Heritage-300x400.jpg 300w\"\n\t\t\t\t\t\t\t\t\t\t\t\t\t\t\t\t\t\t\tsizes=\"auto, (max-width: 640px) 100vw, 640px\"\n\t\t\t\t\t\t\t\t\t\t\t\tloading=\"lazy\"\n\t\t\t\t\t\tdecoding=\"async\"\n\t\t\t\t\t>\n\t\t\t\t<\/a>\n\t\t\t<\/div>\n\t\t\t\t\t<div class=\"web-stories-list__story-content-overlay\">\n\t\t\t\t\t\t\t<div class=\"story-content-overlay__title\">\n\t\t\t\t\tM\u00f6chten Sie die deutsche Staatsb\u00fcrgerschaft durch Einb\u00fcrgerung erhalten?\t\t\t\t<\/div>\n\t\t\t\n\t\t\t\n\t\t\t\n\t\t\t\t\t<\/div>\n\t\t\t\t\t<\/div>\n\t\t\t\t\t\t<div\n\t\t\t\tclass=\"web-stories-list__story\"\n\t\t\t\tdata-wp-interactive=\"web-stories-block\"\n\t\t\t\tdata-wp-context='{\"instanceId\":1}'\t\t\t\tdata-wp-on--click=\"actions.open\"\n\t\t\t\tdata-wp-on-window--popstate=\"actions.onPopstate\"\n\t\t\t\t>\n\t\t\t\t\t\t\t<div class=\"web-stories-list__story-poster\">\n\t\t\t\t<a href=\"https:\/\/germanyexpats.com\/de\/web-geschichten\/alles-zum-aps-zertifikat-deutschland\/\">\n\t\t\t\t\t<img\n\t\t\t\t\t\tsrc=\"https:\/\/germanyexpats.com\/wp-content\/uploads\/2025\/01\/cropped-APS-Certificate-Germany-banner.jpg\"\n\t\t\t\t\t\talt=\"Alles zum APS-Zertifikat f\u00fcr Deutschland\"\n\t\t\t\t\t\twidth=\"185\"\n\t\t\t\t\t\theight=\"308\"\n\t\t\t\t\t\t\t\t\t\t\t\t\tsrcset=\"https:\/\/germanyexpats.com\/wp-content\/uploads\/2025\/01\/cropped-APS-Certificate-Germany-banner.jpg 640w, https:\/\/germanyexpats.com\/wp-content\/uploads\/2025\/01\/cropped-APS-Certificate-Germany-banner-225x300.jpg 225w, https:\/\/germanyexpats.com\/wp-content\/uploads\/2025\/01\/cropped-APS-Certificate-Germany-banner-315x420.jpg 315w, https:\/\/germanyexpats.com\/wp-content\/uploads\/2025\/01\/cropped-APS-Certificate-Germany-banner-150x200.jpg 150w, https:\/\/germanyexpats.com\/wp-content\/uploads\/2025\/01\/cropped-APS-Certificate-Germany-banner-300x400.jpg 300w\"\n\t\t\t\t\t\t\t\t\t\t\t\t\t\t\t\t\t\t\tsizes=\"auto, (max-width: 640px) 100vw, 640px\"\n\t\t\t\t\t\t\t\t\t\t\t\tloading=\"lazy\"\n\t\t\t\t\t\tdecoding=\"async\"\n\t\t\t\t\t>\n\t\t\t\t<\/a>\n\t\t\t<\/div>\n\t\t\t\t\t<div class=\"web-stories-list__story-content-overlay\">\n\t\t\t\t\t\t\t<div class=\"story-content-overlay__title\">\n\t\t\t\t\tAlles zum APS-Zertifikat f\u00fcr Deutschland\t\t\t\t<\/div>\n\t\t\t\n\t\t\t\n\t\t\t\n\t\t\t\t\t<\/div>\n\t\t\t\t\t<\/div>\n\t\t\t\t\t\t\t\t<\/div>\n\t\t\t\t\t<div tabindex=\"0\" aria-label=\"Zur\u00fcck\" class=\"glider-prev\"><\/div>\n\t\t\t\t\t<div tabindex=\"0\" aria-label=\"Weiter\" class=\"glider-next\"><\/div>\n\t\t\t\t\t\t\t\t<\/div>\n\t\t<\/div>\n\t\t\n\n\n<p>Es trat ein <a href=\"https:\/\/germanyexpats.com\/de\/updates-fur-expats-in-deutschland-jan-feb-2025\/\" data-wpil-monitor-id=\"1020\">Deutschland<\/a> Am 8. Januar zog der Sturm aus S\u00fcdwesten heran und verlagerte sich rasch nach Nordosten. Am 9. Januar befand sich sein Zentrum \u00fcber n\u00f6rdlichen Regionen, darunter Hamburg, Schleswig-Holstein und Niedersachsen, wobei Ausl\u00e4ufer auch mittlere und s\u00fcdliche Gebiete erreichten.<\/p>\n\n\n\n<p>Meteorologische Modelle deuten darauf hin, dass sich der Sturm bis zum 10. Januar abschw\u00e4chen und ostw\u00e4rts in Richtung Tschechien verlagern wird, jedoch nicht ohne vorher erhebliche Niederschl\u00e4ge zu verursachen. <a href=\"https:\/\/www.dailymail.co.uk\/news\/article-15448567\/Frozen-Europe-grinds-halt-Chaos-Germany-20C-blizzards-halt-trains-planes-traffic-135mph-Storm-Goretti-triggers-mass-blackouts-hit-France.html\" target=\"_blank\" rel=\"noopener\">im ganzen Land<\/a>.<\/p>\n\n\n\n<p><strong>Wichtige Pfadstatistiken:<\/strong><\/p>\n\n\n\n<ul class=\"wp-block-list\">\n<li>Dauer des Schneesturms Elli in Deutschland: Ungef\u00e4hr 48-72 Stunden, H\u00f6hepunkt am 9. Januar.<\/li>\n\n\n\n<li>Windgeschwindigkeiten: Bis zu 135 mph (217 km\/h) in den nahegelegenen europ\u00e4ischen L\u00e4ndern, wobei in Deutschland B\u00f6en von 40-60 mph (64-97 km\/h) auftreten, die in exponierten Lagen auf bis zu 100 mph (161 km\/h) ansteigen.<\/li>\n\n\n\n<li>\u00dcbergangszonen: In den s\u00fcdlichen und mittleren Regionen geht der Schnee in gefrierenden Regen \u00fcber und bildet von Bremen bis Berlin gef\u00e4hrliches Glatteis.<\/li>\n<\/ul>\n\n\n\n<h2 class=\"wp-block-heading\">Wetterwarnungen und -meldungen herausgegeben<\/h2>\n\n\n\n<p>Der Deutsche Wetterdienst (DWD) hat die Warnstufen f\u00fcr weite Teile des Landes auf Rot (schwerwiegend) erh\u00f6ht. <a href=\"https:\/\/germanyexpats.com\/de\/web-geschichten\/sturm-elli-trifft-norddeutschland\/\" data-wpil-monitor-id=\"1021\">Norddeutschland<\/a>Warnung vor \u201eextremen\u201c Bedingungen.<\/p>\n\n\n\n<p>Dazu geh\u00f6ren Risiken von <a href=\"https:\/\/www.bluewin.ch\/en\/news\/freezing-rain-gale-force-winds-icy-elli-is-here-3041931.html\" target=\"_blank\" rel=\"noopener\">starker Schneefall<\/a>Glatteis und Schneeverwehungen, g\u00fcltig vom Abend des 8. Januar bis zum 10. Januar.<\/p>\n\n\n\n<p><strong>Aufschl\u00fcsselung der Warnmeldungen:<\/strong><\/p>\n\n\n\n<ul class=\"wp-block-list\">\n<li>Rote Schneewarnung: Hamburg und Umgebung, es werden 10-15 cm Neuschnee in 9-12 Stunden erwartet.<\/li>\n\n\n\n<li>Unwetterstufe: 3 von 4 f\u00fcr Regionen von Ostfriesland bis Hamburg und Schleswig-Holstein, aufgrund von Schnee und Wind.<\/li>\n\n\n\n<li>Zus\u00e4tzliche Gefahren: Gefrierender Regen in einem Korridor von Bremen nach Berlin, mit <a href=\"https:\/\/germanyexpats.com\/de\/deutschlands-eissaison-2025\/\" data-wpil-monitor-id=\"1025\">lokal<\/a> Gefahr von Glatteis und st\u00fcrmischen Winden.<\/li>\n\n\n\n<li>Landesweite Berichterstattung: Bis zum 10. Januar wird Schneefall im ganzen Land erwartet, Warnungen gelten bis \u2026 <a href=\"https:\/\/germanyexpats.com\/de\/besten-stadte-in-deutschland-live-besuchen-oder-umziehen\/\" data-wpil-monitor-id=\"1019\">Bayern und Baden-W\u00fcrttemberg<\/a>.<\/li>\n<\/ul>\n\n\n\n<p>Die Bewohner werden dringend gebeten, zu Hause zu bleiben, Reisen zu verschieben und Notfallsets vorzubereiten.<\/p>\n\n\n\n<h2 class=\"wp-block-heading\">Schneemengen und -ansammlungen<\/h2>\n\n\n\n<p>Die Schneef\u00e4lle waren heftig und schnell, wobei die Schneemengen regional unterschiedlich ausfielen. Die n\u00f6rdlichen Tiefebenen verzeichneten die st\u00e4rksten Schneef\u00e4lle, die durch starke Ostwinde noch verst\u00e4rkt wurden und bis zu einem Meter hohe Schneeverwehungen aufwirbelten.<\/p>\n\n\n\n<p>Detaillierte Statistiken:<\/p>\n\n\n\n<ul class=\"wp-block-list\">\n<li><a href=\"https:\/\/germanyexpats.com\/de\/nordlichter-in-deutschland\/\" data-wpil-monitor-id=\"1023\">Norddeutschland<\/a> (Hamburg, Schleswig-Holstein): 10-20 cm Neuschnee am 9. Januar, \u00f6rtlich bis zu 25 cm in 12 Stunden; Verwehungen erh\u00f6hten die effektive Schneeh\u00f6he stellenweise auf 50 cm.<\/li>\n\n\n\n<li>Zentrale Bereiche: 3-10 cm, mit Flammpunkten bis zu 15 cm.<\/li>\n\n\n\n<li>S\u00fcdliche Gebiete (Bayern, Baden-W\u00fcrttemberg): Bis zum 10. Januar werden bis zu 25 cm Neuschnee erwartet, nach anf\u00e4nglichen Niederschl\u00e4gen von 5-10 cm.<\/li>\n\n\n\n<li>Staueffekte (luvseitige Bergh\u00e4nge wie Allg\u00e4u, Schwarzwald): Zus\u00e4tzliche 20 cm+ in lokal begrenzten Gebieten.<\/li>\n\n\n\n<li>Im weiteren EU-Kontext: 5-10 cm verbreitet in den Tieflagen, lokal bis zu 30 cm in den Benelux-Regionen, was zur Intensit\u00e4t des deutschen Schneesturms Elli beitr\u00e4gt.<\/li>\n<\/ul>\n\n\n\n<p>Nutzerberichte auf X heben einen \u201emassiven Schneesturm\u201c im Nordosten hervor, wobei in einigen Gebieten fast ein halber Meter Neuschnee angesammelt wurde.<\/p>\n\n\n\n<figure class=\"wp-block-embed is-type-rich is-provider-twitter wp-block-embed-twitter\"><div class=\"wp-block-embed__wrapper\">\n<blockquote class=\"twitter-tweet\" data-width=\"550\" data-dnt=\"true\"><p lang=\"de\" dir=\"ltr\">Die Prognose hat sich im Wesentlichen best\u00e4tigt, der markante Schneesturm kommt. Auf der satten Schneedecke im Norden wird sehr viel Neuschnee fallen, \u00f6rtlich bis einen halben Meter anwachsend. Danach folgte st\u00e4rkerer Frost. Starker Ostwind und Verteidigungen. Vor Freitag alles besorgen! <a href=\"https:\/\/t.co\/CARcaAg26W\">pic.twitter.com\/CARcaAg26W<\/a><\/p>\u2014 Marcel Sch\u00fctz (@schuetz_marcel) <a href=\"https:\/\/twitter.com\/schuetz_marcel\/status\/2008962433805951380?ref_src=twsrc%5Etfw\" target=\"_blank\" rel=\"noopener\">7. Januar 2026<\/a><\/blockquote><script async src=\"https:\/\/platform.twitter.com\/widgets.js\" charset=\"utf-8\"><\/script>\n<\/div><\/figure>\n\n\n\n<h2 class=\"wp-block-heading\">Temperaturst\u00fcrze und K\u00e4lterekorde<\/h2>\n\n\n\n<p>Mit dem Schnee geht ein arktischer K\u00e4lteeinbruch einher, der die Temperaturen deutlich unter die jahreszeitlichen Normen dr\u00fcckt und m\u00f6glicherweise Rekordwerte f\u00fcr Anfang Januar aufstellt.<\/p>\n\n\n\n<figure class=\"wp-block-embed is-type-rich is-provider-twitter wp-block-embed-twitter\"><div class=\"wp-block-embed__wrapper\">\n<blockquote class=\"twitter-tweet\" data-width=\"550\" data-dnt=\"true\"><p lang=\"en\" dir=\"ltr\">\ud83d\udea8 Winter-Stresstest f\u00fcr Deutschland \ud83c\udde9\ud83c\uddea\u2744\ufe0f<br><br>Der Januar 2026 beginnt mit einer ungew\u00f6hnlich heftigen K\u00e4ltewelle:<br>Polare Luft, verbreiteter Frost<br>Nachttiefstwerte in Berlin: \u201312 \u00b0C, \u00f6rtlich unter \u201315 \u00b0C \u00fcber Schneefall<br>Laut DWD war es nach heutigen Ma\u00dfst\u00e4ben ein ungew\u00f6hnlich kalter Januar.<br><br>Gleichzeitig:<br>\u26a1 Schwerwiegender Stromausfall\u2026 <a href=\"https:\/\/t.co\/Lt1QTDJiSk\">pic.twitter.com\/Lt1QTDJiSk<\/a><\/p>\u2014 Carsten Stork (@StratcomCapital) <a href=\"https:\/\/twitter.com\/StratcomCapital\/status\/2008232275507351668?ref_src=twsrc%5Etfw\" target=\"_blank\" rel=\"noopener\">5. Januar 2026<\/a><\/blockquote><script async src=\"https:\/\/platform.twitter.com\/widgets.js\" charset=\"utf-8\"><\/script>\n<\/div><\/figure>\n\n\n\n<p><strong>Wichtige Daten:<\/strong><\/p>\n\n\n\n<ul class=\"wp-block-list\">\n<li>H\u00f6chsttemperaturen tags\u00fcber: 0\u00b0C bis -5\u00b0C in den n\u00f6rdlichen Gebieten am 9. Januar.<\/li>\n\n\n\n<li>Nachttiefstwerte: -12\u00b0C in Berlin, \u00f6rtlich unter -15\u00b0C \u00fcber schneebedecktem Boden; Prognosen sagen f\u00fcr das Wochenende einen R\u00fcckgang auf -20\u00b0C voraus.<\/li>\n\n\n\n<li>Anomalien: In ganz Europa 12-15\u00b0C unter dem Durchschnitt, was diesen Januar laut DWD zu einem \u201eselten kalten Januar\u201c macht.<\/li>\n\n\n\n<li>Frostdauer: Anhaltende Minustemperaturen werden bis Mitte Januar erwartet, in vielen Regionen ist mit Dauerfrost zu rechnen.<\/li>\n<\/ul>\n\n\n\n<p>Dieser K\u00e4lteeinbruch hat bereits zu weit verbreitetem Frost und Eisbildung gef\u00fchrt und damit das Risiko von Unterk\u00fchlung und Infrastruktursch\u00e4den erh\u00f6ht.<\/p>\n\n\n\n<figure class=\"wp-block-image size-full\"><img decoding=\"async\" width=\"672\" height=\"447\" src=\"https:\/\/germanyexpats.com\/wp-content\/uploads\/2026\/01\/Temperature-Drops-and-Cold-Records.png\" alt=\"\" class=\"wp-image-4513\" srcset=\"https:\/\/germanyexpats.com\/wp-content\/uploads\/2026\/01\/Temperature-Drops-and-Cold-Records.png 672w, https:\/\/germanyexpats.com\/wp-content\/uploads\/2026\/01\/Temperature-Drops-and-Cold-Records-300x200.png 300w, https:\/\/germanyexpats.com\/wp-content\/uploads\/2026\/01\/Temperature-Drops-and-Cold-Records-18x12.png 18w, https:\/\/germanyexpats.com\/wp-content\/uploads\/2026\/01\/Temperature-Drops-and-Cold-Records-631x420.png 631w, https:\/\/germanyexpats.com\/wp-content\/uploads\/2026\/01\/Temperature-Drops-and-Cold-Records-150x100.png 150w\" sizes=\"(max-width: 672px) 100vw, 672px\" \/><\/figure>\n\n\n\n<h2 class=\"wp-block-heading\">Verkehrsst\u00f6rungen<\/h2>\n\n\n\n<p>Schneesturm Elli hat die Verkehrsnetze zum Erliegen gebracht; Schnee, Eis und Winde verursachen Chaos auf Stra\u00dfen, Schienen und in der Luft.<\/p>\n\n\n\n<p><strong>Wirkungsstatistik:<\/strong><\/p>\n\n\n\n<ul class=\"wp-block-list\">\n<li><strong>Stra\u00dfen<\/strong>Hunderte Kilometer Stau, zahlreiche Unf\u00e4lle durch Glatteis; Autobahnen in Bayern und Sachsen-Anhalt gesperrt. Lkw-Fahrer gestrandet, Warnungen vor \u201e<a href=\"https:\/\/x.com\/Seitenwender42\/status\/2009346722036908375\">Verkehrszusammenbruch<\/a>(Verkehrszusammenbruch) im Norden.<\/li>\n\n\n\n<li><strong>Schienen<\/strong>Die Deutsche Bahn meldet weit verbreitete Versp\u00e4tungen und Zugausf\u00e4lle in den n\u00f6rdlichen Bundesl\u00e4ndern; vollst\u00e4ndige Stillst\u00e4nde in Teilen der Niederlande wirken sich bis nach Deutschland aus.<\/li>\n\n\n\n<li><strong>Luftfahrt<\/strong>\u00dcber 700 Flugausf\u00e4lle an wichtigen Drehkreuzen wie Frankfurt und Hamburg; europaweite St\u00f6rungen mit Auswirkungen auf mehr als 1.000 Fl\u00fcge.<\/li>\n\n\n\n<li><strong>Gesamt<\/strong>Reisen werden als \u201eschwierig bis unm\u00f6glich\u201c eingestuft, die Beh\u00f6rden raten zur Verschiebung aller nicht unbedingt notwendigen Reisen.<\/li>\n<\/ul>\n\n\n\n<h2 class=\"wp-block-heading\">Schulschlie\u00dfungen und \u00f6ffentliche Dienstleistungen<\/h2>\n\n\n\n<p>Bildungs- und \u00f6ffentliche Einrichtungen waren stark betroffen, wobei die Sicherheit inmitten des Sturms oberste Priorit\u00e4t hatte.<\/p>\n\n\n\n<figure class=\"wp-block-image size-large\"><img decoding=\"async\" width=\"768\" height=\"1024\" src=\"https:\/\/germanyexpats.com\/wp-content\/uploads\/2026\/01\/IMG_2077-768x1024.jpeg\" alt=\"Verschneite Landschaft mit rodelnden Kindern: Extremschneesturm Elli legt Norddeutschland lahm\" class=\"wp-image-4512\" srcset=\"https:\/\/germanyexpats.com\/wp-content\/uploads\/2026\/01\/IMG_2077-768x1024.jpeg 768w, https:\/\/germanyexpats.com\/wp-content\/uploads\/2026\/01\/IMG_2077-225x300.jpeg 225w, https:\/\/germanyexpats.com\/wp-content\/uploads\/2026\/01\/IMG_2077-1152x1536.jpeg 1152w, https:\/\/germanyexpats.com\/wp-content\/uploads\/2026\/01\/IMG_2077-1536x2048.jpeg 1536w, https:\/\/germanyexpats.com\/wp-content\/uploads\/2026\/01\/IMG_2077-9x12.jpeg 9w, https:\/\/germanyexpats.com\/wp-content\/uploads\/2026\/01\/IMG_2077-315x420.jpeg 315w, https:\/\/germanyexpats.com\/wp-content\/uploads\/2026\/01\/IMG_2077-150x200.jpeg 150w, https:\/\/germanyexpats.com\/wp-content\/uploads\/2026\/01\/IMG_2077-300x400.jpeg 300w, https:\/\/germanyexpats.com\/wp-content\/uploads\/2026\/01\/IMG_2077-696x928.jpeg 696w, https:\/\/germanyexpats.com\/wp-content\/uploads\/2026\/01\/IMG_2077-1068x1424.jpeg 1068w, https:\/\/germanyexpats.com\/wp-content\/uploads\/2026\/01\/IMG_2077-640x853.jpeg 640w, https:\/\/germanyexpats.com\/wp-content\/uploads\/2026\/01\/IMG_2077.jpeg 1600w\" sizes=\"(max-width: 768px) 100vw, 768px\" \/><\/figure>\n\n\n\n<p><strong>Details:<\/strong><\/p>\n\n\n\n<ul class=\"wp-block-list\">\n<li><strong>Schulen geschlossen:<\/strong> In Berlin, Brandenburg, Nordrhein-Westfalen und den n\u00f6rdlichen Bundesl\u00e4ndern; betrifft Millionen von Sch\u00fclern, wobei Fernunterricht, wo immer m\u00f6glich, dringend empfohlen wird.<\/li>\n\n\n\n<li><strong>Kinderg\u00e4rten und Kindertagesst\u00e4tten:<\/strong> \u00c4hnlich verh\u00e4lt es sich mit den Schlie\u00dfungen, was berufst\u00e4tige Eltern zus\u00e4tzlich belastet.<\/li>\n\n\n\n<li><strong>\u00d6ffentliche Veranstaltungen:<\/strong> Der Parteitag der CDU von Bundeskanzler Friedrich Merz wurde abgesagt; weitere Veranstaltungen wurden verschoben.<\/li>\n\n\n\n<li><strong>Notfalldienste:<\/strong> Die Krankenh\u00e4user sind \u00fcberlastet, es kommt vermehrt zu Notrufen wegen wetterbedingter Verletzungen; es werden t\u00f6dliche Unf\u00e4lle aufgrund von Glatteis gemeldet.<\/li>\n<\/ul>\n\n\n\n<h2 class=\"wp-block-heading\">Stromausf\u00e4lle und Infrastrukturbelastung<\/h2>\n\n\n\n<p>Die Kombination aus Wind, Schnee und K\u00e4lte stellt die deutsche Infrastruktur auf die Probe und birgt das Risiko weitverbreiteter Ausf\u00e4lle.<\/p>\n\n\n\n<p><strong>Statistiken:<\/strong><\/p>\n\n\n\n<ul class=\"wp-block-list\">\n<li><strong>Ausf\u00e4lle<\/strong>Schwerer Stromausfall im S\u00fcdwesten Berlins: 45.000 bis 50.000 Haushalte und 2.000 Betriebe sind betroffen; die Reparaturen k\u00f6nnten mehrere Tage dauern. Europaweit waren Hunderttausende ohne Strom. <\/li>\n\n\n\n<li><strong>Energiebedarf<\/strong>: Stark gestiegener Heizbedarf bei gleichzeitig geringer Erzeugung erneuerbarer Energien; <a href=\"https:\/\/germanyexpats.com\/de\/deutschland-schafft-gasspeicherabgabe-ab\/\" data-wpil-monitor-id=\"1022\">Gasspeicher<\/a> Der Wert liegt bei etwa 50%, ungew\u00f6hnlich niedrig f\u00fcr Anfang Januar. <\/li>\n\n\n\n<li><strong>Infrastrukturrisiken:<\/strong> Stromleitungen sind anf\u00e4llig f\u00fcr Eisbildung; in den betroffenen Gebieten wurden St\u00f6rungen im Telekommunikationsnetz festgestellt.<\/li>\n<\/ul>\n\n\n\n<h2 class=\"wp-block-heading\">Wirtschaftliche und energetische Auswirkungen<\/h2>\n\n\n\n<p>Die wirtschaftlichen Folgen des Sturms nehmen zu, insbesondere in den dicht besiedelten n\u00f6rdlichen Regionen.<\/p>\n\n\n\n<figure class=\"wp-block-embed is-type-rich is-provider-twitter wp-block-embed-twitter\"><div class=\"wp-block-embed__wrapper\">\n<blockquote class=\"twitter-tweet\" data-width=\"550\" data-dnt=\"true\"><p lang=\"en\" dir=\"ltr\">\ud83d\udea8 Eilmeldung: Schweres Wetter in der EU \ud83d\uddde\ufe0f<br>Wir erleben derzeit extreme Schneef\u00e4lle, wie sie in der EU seit Jahren nicht mehr vorgekommen sind.<br>Wichtigste Kennzahlen:<br>\u26f3\ufe0f Schneeh\u00f6hen \u2192 5\u201310 cm weit verbreitet in Tieflagen wie den Niederlanden, Frankreich und Gro\u00dfbritannien; lokal bis zu 30 cm oder mehr in Teilen der Benelux-Staaten\u2026 <a href=\"https:\/\/t.co\/8t15tGLcqK\">pic.twitter.com\/8t15tGLcqK<\/a><\/p>\u2014 Sihle Manqele (@SihleManq) <a href=\"https:\/\/twitter.com\/SihleManq\/status\/2008922374423330993?ref_src=twsrc%5Etfw\" target=\"_blank\" rel=\"noopener\">7. Januar 2026<\/a><\/blockquote><script async src=\"https:\/\/platform.twitter.com\/widgets.js\" charset=\"utf-8\"><\/script>\n<\/div><\/figure>\n\n\n\n<p><strong>Sch\u00e4tzungen:<\/strong><\/p>\n\n\n\n<ul class=\"wp-block-list\">\n<li><strong>Kurzfristige Kosten:<\/strong> Hunderte Millionen Euro durch Flugausf\u00e4lle, Verkehrsversp\u00e4tungen und Produktivit\u00e4tsverluste.<\/li>\n\n\n\n<li><strong>Energiemarkt:<\/strong> Steigende Gas- und Strompreise aufgrund einer stark gestiegenen Nachfrage; die Sensibilit\u00e4t wird durch niedrige Speicherst\u00e4nde verst\u00e4rkt.<\/li>\n\n\n\n<li><strong>Weiterreichende Auswirkungen:<\/strong> Der Tourismus leidet (z. B. profitieren Skigebiete, aber es gibt Probleme mit der Erreichbarkeit); es wird mit einem Anstieg der Versicherungsanspr\u00fcche f\u00fcr Unf\u00e4lle und Sch\u00e4den gerechnet.<\/li>\n<\/ul>\n\n\n\n<h2 class=\"wp-block-heading\">Erfahrungsberichte und Sicherheitstipps f\u00fcr Bewohner<\/h2>\n\n\n\n<p>Echtzeitberichte von X-Nutzern zeichnen ein lebendiges Bild: <\/p>\n\n\n\n<blockquote class=\"wp-block-quote is-layout-flow wp-block-quote-is-layout-flow\">\n<p>\u201eMarkkante Schneesturm kommt\u2026 bis halben Meter!\u201c<\/p>\n<\/blockquote>\n\n\n\n<p>Eine Meldung warnt, andere berichten von Stromausf\u00e4llen und gef\u00e4hrlichen Stra\u00dfen. Zu den Sicherheitshinweisen geh\u00f6rt, sich vor dem 9. Januar mit dem N\u00f6tigsten einzudecken, sich nicht im Freien aufzuhalten und die Meldungen des DWD (Department of Water and Disasters) zu verfolgen.<\/p>\n\n\n\n<h2 class=\"wp-block-heading\">Zukunftsprognose und Ausblick<\/h2>\n\n\n\n<figure class=\"wp-block-embed is-type-rich is-provider-twitter wp-block-embed-twitter\"><div class=\"wp-block-embed__wrapper\">\n<blockquote class=\"twitter-tweet\" data-width=\"550\" data-dnt=\"true\"><p lang=\"en\" dir=\"ltr\">Europa r\u00fcstet sich f\u00fcr heftige Wintereinbr\u00fcche: Tiefschnee und extreme K\u00e4lte bis Mitte Januar <a href=\"https:\/\/t.co\/C95SXmsaxp\">https:\/\/t.co\/C95SXmsaxp<\/a><\/p>\u2014 \ud83d\udc0fRAMMIE\ud83d\udc0f (@Rammie24) <a href=\"https:\/\/twitter.com\/Rammie24\/status\/2007816995954098675?ref_src=twsrc%5Etfw\" target=\"_blank\" rel=\"noopener\">4. Januar 2026<\/a><\/blockquote><script async src=\"https:\/\/platform.twitter.com\/widgets.js\" charset=\"utf-8\"><\/script>\n<\/div><\/figure>\n\n\n\n<p>Nach dem Durchzug von Elli h\u00e4lt die arktische K\u00e4lte bis Mitte Januar an, mit anhaltendem Frost und m\u00f6glicherweise weiterem Schneefall. Im S\u00fcden geht der Schnee bis zum 10. Januar in Regen \u00fcber, w\u00e4hrend im Norden Schneeverwehungen und Temperaturen unter Null Grad anhalten. Bitte verfolgen Sie die Wetterlage aufmerksam, da sich die Bedingungen schnell \u00e4ndern k\u00f6nnen. Der Schneesturm Elli verdeutlicht die zunehmende Intensit\u00e4t winterlicher Wetterereignisse im Zuge des Klimawandels.<\/p>\n\n\n\n<p><a href=\"https:\/\/germanyexpats.com\/de\/hitzewelle-in-deutschland-im-juli-2025-was-expats-wissen-sollten\/\" data-wpil-monitor-id=\"1024\">Bleiben Sie informiert und sicher<\/a>.<\/p>","protected":false},"excerpt":{"rendered":"<p>Northern Germany is grappling with one of the most severe winter storms in recent years, dubbed Snowstorm Elli. This powerful system has brought heavy snowfall, gale-force winds, and plummeting temperatures, leading to widespread disruptions across the region. Drawing from the latest meteorological data, news reports, and real-time user accounts, this article delves into the storm&#8217;s [&hellip;]<\/p>","protected":false},"author":2,"featured_media":4521,"comment_status":"open","ping_status":"open","sticky":false,"template":"","format":"standard","meta":{"footnotes":""},"categories":[31,3,18,12,213],"tags":[],"class_list":{"0":"post-4508","1":"post","2":"type-post","3":"status-publish","4":"format-standard","5":"has-post-thumbnail","7":"category-latest-news","8":"category-featured","9":"category-lifestyle","10":"category-personal-stories","11":"category-transport-mobility"},"_links":{"self":[{"href":"https:\/\/germanyexpats.com\/de\/wp-json\/wp\/v2\/posts\/4508","targetHints":{"allow":["GET"]}}],"collection":[{"href":"https:\/\/germanyexpats.com\/de\/wp-json\/wp\/v2\/posts"}],"about":[{"href":"https:\/\/germanyexpats.com\/de\/wp-json\/wp\/v2\/types\/post"}],"author":[{"embeddable":true,"href":"https:\/\/germanyexpats.com\/de\/wp-json\/wp\/v2\/users\/2"}],"replies":[{"embeddable":true,"href":"https:\/\/germanyexpats.com\/de\/wp-json\/wp\/v2\/comments?post=4508"}],"version-history":[{"count":5,"href":"https:\/\/germanyexpats.com\/de\/wp-json\/wp\/v2\/posts\/4508\/revisions"}],"predecessor-version":[{"id":4522,"href":"https:\/\/germanyexpats.com\/de\/wp-json\/wp\/v2\/posts\/4508\/revisions\/4522"}],"wp:featuredmedia":[{"embeddable":true,"href":"https:\/\/germanyexpats.com\/de\/wp-json\/wp\/v2\/media\/4521"}],"wp:attachment":[{"href":"https:\/\/germanyexpats.com\/de\/wp-json\/wp\/v2\/media?parent=4508"}],"wp:term":[{"taxonomy":"category","embeddable":true,"href":"https:\/\/germanyexpats.com\/de\/wp-json\/wp\/v2\/categories?post=4508"},{"taxonomy":"post_tag","embeddable":true,"href":"https:\/\/germanyexpats.com\/de\/wp-json\/wp\/v2\/tags?post=4508"}],"curies":[{"name":"wp","href":"https:\/\/api.w.org\/{rel}","templated":true}]}}